{"id":4119,"date":"2024-10-04T08:17:29","date_gmt":"2024-10-04T08:17:29","guid":{"rendered":"https:\/\/www.fiart.com\/?p=4119"},"modified":"2024-10-04T08:18:18","modified_gmt":"2024-10-04T08:18:18","slug":"les-nouveautes-de-la-ligne-p-presentees-au-yachting-festival-de-cannes-et-au-salon-nautique-de-genes","status":"publish","type":"post","link":"https:\/\/www.fiart.com\/fr\/les-nouveautes-de-la-ligne-p-presentees-au-yachting-festival-de-cannes-et-au-salon-nautique-de-genes\/","title":{"rendered":"Les nouveaut\u00e9s de la ligne P Pr\u00e9sent\u00e9es au Yachting Festival de Cannes et au Salon Nautique de G\u00eanes"},"content":{"rendered":"\n<p>Les r\u00e9centes \u00e9ditions du <strong>Yachting Festival de Cannes et du Salon Nautique de G\u00eanes<\/strong> ont repr\u00e9sent\u00e9 des occasions \u00e0 ne pas manquer pour Fiart, avec le lancement de deux mod\u00e8les embl\u00e9matiques de<strong> la Custom Luxury Line, le P52 et le P58.<\/strong><\/p>\n\n\n\n<h2 class=\"wp-block-heading\"><br><br>La Ligne P\u00a0: Design et Innovation<\/h2>\n\n\n\n<p><br><br>Les <strong>P52 et P58<\/strong> se sont distingu\u00e9s par leurs lignes innovantes et leur forte personnalit\u00e9. La ligne P est caract\u00e9ris\u00e9e par des murs hauts et \u00e9lanc\u00e9s, une proue effil\u00e9e et de larges fen\u00eatres qui traversent toute la coque. Les espaces int\u00e9rieurs sont con\u00e7us pour un confort maximal, avec des plafonds de 3 m\u00e8tres de haut et des zones g\u00e9n\u00e9reuses qui font que ces yachts semblent plus grands.<br><br>L\u2019objectif de l\u2019<strong>architecte Stefano Pastrovich,<\/strong> qui a con\u00e7u la ligne en collaboration avec le bureau technique de Fiart, \u00e9tait de cr\u00e9er un yacht-maison, une villa sur la mer con\u00e7ue pour refl\u00e9ter l\u2019image et les besoins du propri\u00e9taire. La navigation avec les yachts de la Ligne P est une exp\u00e9rience unique, gr\u00e2ce \u00e0 des coques au centre de gravit\u00e9 optimis\u00e9s qui permettent d\u2019atteindre le plan\u00e9 \u00e0 basse vitesse, en assurant confort et s\u00e9curit\u00e9.<br><br><em>&#8220;Fiart a entrepris ces derni\u00e8res ann\u00e9es une voie de renouvellement qui continue \u00e0 nous donner satisfaction et de nouvelles impulsions,&#8221;<\/em> a d\u00e9clar\u00e9<strong> le CEO Fiart, Giancarlo di Luggo<\/strong>. <em>&#8220;Ces salons nous ont donn\u00e9 l\u2019occasion de nous confronter avec nos clients et concessionnaires, confirmant la bonne poursuite de nos objectifs.&#8221;<\/em><\/p>\n\n\n\n<h2 class=\"wp-block-heading\">Les mod\u00e8les P52 et P58<\/h2>\n\n\n\n<p>Le <a href=\"https:\/\/www.fiart.com\/p52\/\">P52,<\/a> pr\u00e9sent\u00e9 dans une charmante couleur cuivre-bronze, comprend deux grandes cabines avec salle de bains privative, cuisine int\u00e9rieure et ext\u00e9rieure, et une planche de pont arri\u00e8re fixe avec transformateur int\u00e9gr\u00e9. Le <a href=\"https:\/\/www.fiart.com\/p58\/\">P58<\/a>, quant \u00e0 lui, offre des environnements sophistiqu\u00e9s meubl\u00e9s avec des mat\u00e9riaux de qualit\u00e9 et pr\u00e9sente des versions \u00e0 deux et trois cabines, avec de grands espaces communs et une cuisine compl\u00e8te.<\/p>\n\n\n\n<p><strong>Prochains rendez-vous<\/strong><\/p>\n\n\n\n<p>Les prochains \u00e9v\u00e9nements pour voir de pr\u00e8s et r\u00e9server un essai de la gamme Seawalker comprennent&nbsp;:<\/p>\n\n\n\n<p><strong>SNIM &#8211; Salon Nautique des Pouilles<\/strong>: du 10 au 14\u00a0octobre \u00e0 Brindisi, en collaboration avec MVB Yacht.<\/p>\n\n\n\n<p><strong>Salerno Boat Show: <\/strong>du 1er au 5\u00a0novembre \u00e0 la Marina d\u2019Arechi.<\/p>\n\n\n\n<p><strong>Salon nautique d\u2019Empuriabrava (Espagne):<\/strong> du 10 au 20\u00a0octobre, avec la possibilit\u00e9 de voir les mod\u00e8les Seawalker 39 et 43.<\/p>\n\n\n\n<p>Nous sommes impatients de vous accueillir \u00e0 ces \u00e9v\u00e9nements et de partager avec vous l\u2019innovation et l\u2019\u00e9l\u00e9gance qui caract\u00e9risent chaque bateau Fiart.<\/p>\n","protected":false},"excerpt":{"rendered":"<p>Les r\u00e9centes \u00e9ditions du Yachting Festival de Cannes et du Salon Nautique de G\u00eanes ont repr\u00e9sent\u00e9 des occasions \u00e0 ne pas manquer pour Fiart, avec le lancement de deux mod\u00e8les embl\u00e9matiques de la Custom Luxury Line, le P52 et le P58. La Ligne P\u00a0: Design et Innovation Les P52 et P58 se sont distingu\u00e9s par &hellip; <a href=\"https:\/\/www.fiart.com\/fr\/les-nouveautes-de-la-ligne-p-presentees-au-yachting-festival-de-cannes-et-au-salon-nautique-de-genes\/\" class=\"more-link\"><\/a><\/p>\n","protected":false},"author":3,"featured_media":4114,"comment_status":"open","ping_status":"open","sticky":true,"template":"","format":"standard","meta":{"footnotes":""},"categories":[51],"tags":[],"class_list":["post-4119","post","type-post","status-publish","format-standard","has-post-thumbnail","hentry","category-des-expositions"],"acf":[],"yoast_head":"<!-- This site is optimized with the Yoast SEO plugin v22.1 - https:\/\/yoast.com\/wordpress\/plugins\/seo\/ -->\n<title>Les nouveaut\u00e9s de la ligne P Pr\u00e9sent\u00e9es au Yachting Festival de Cannes et au Salon Nautique de G\u00eanes<\/title>\n<meta name=\"description\" content=\"Les r\u00e9centes \u00e9ditions du Yachting Festival de Cannes et du Salon Nautique de G\u00eanes ont repr\u00e9sent\u00e9 des occasions \u00e0 ne pas manquer pour Fiart, avec le lancement de deux mod\u00e8les embl\u00e9matiques de la Custom Luxury Line, le P52 et le P58.\" \/>\n<meta name=\"robots\" content=\"index, follow, max-snippet:-1, max-image-preview:large, max-video-preview:-1\" \/>\n<link rel=\"canonical\" href=\"https:\/\/www.fiart.com\/fr\/les-nouveautes-de-la-ligne-p-presentees-au-yachting-festival-de-cannes-et-au-salon-nautique-de-genes\/\" \/>\n<meta property=\"og:locale\" content=\"fr_FR\" \/>\n<meta property=\"og:type\" content=\"article\" \/>\n<meta property=\"og:title\" content=\"Les nouveaut\u00e9s de la ligne P Pr\u00e9sent\u00e9es au Yachting Festival de Cannes et au Salon Nautique de G\u00eanes\" \/>\n<meta property=\"og:description\" content=\"Les r\u00e9centes \u00e9ditions du Yachting Festival de Cannes et du Salon Nautique de G\u00eanes ont repr\u00e9sent\u00e9 des occasions \u00e0 ne pas manquer pour Fiart, avec le lancement de deux mod\u00e8les embl\u00e9matiques de la Custom Luxury Line, le P52 et le P58.\" \/>\n<meta property=\"og:url\" content=\"https:\/\/www.fiart.com\/fr\/les-nouveautes-de-la-ligne-p-presentees-au-yachting-festival-de-cannes-et-au-salon-nautique-de-genes\/\" \/>\n<meta property=\"og:site_name\" content=\"Fiart Mare\" \/>\n<meta property=\"article:publisher\" content=\"https:\/\/www.facebook.com\/fiartmare\" \/>\n<meta property=\"article:published_time\" content=\"2024-10-04T08:17:29+00:00\" \/>\n<meta property=\"article:modified_time\" content=\"2024-10-04T08:18:18+00:00\" \/>\n<meta property=\"og:image\" content=\"https:\/\/www.fiart.com\/wp-content\/uploads\/2024\/10\/fiart-P52.jpg\" \/>\n\t<meta property=\"og:image:width\" content=\"1400\" \/>\n\t<meta property=\"og:image:height\" content=\"1048\" \/>\n\t<meta property=\"og:image:type\" content=\"image\/jpeg\" \/>\n<meta name=\"author\" content=\"Giorgia Landolfi\" \/>\n<meta name=\"twitter:card\" content=\"summary_large_image\" \/>\n<meta name=\"twitter:label1\" content=\"\u00c9crit par\" \/>\n\t<meta name=\"twitter:data1\" content=\"Giorgia Landolfi\" \/>\n\t<meta name=\"twitter:label2\" content=\"Dur\u00e9e de lecture estim\u00e9e\" \/>\n\t<meta name=\"twitter:data2\" content=\"3 minutes\" \/>\n<script type=\"application\/ld+json\" class=\"yoast-schema-graph\">{\"@context\":\"https:\/\/schema.org\",\"@graph\":[{\"@type\":\"Article\",\"@id\":\"https:\/\/www.fiart.com\/fr\/les-nouveautes-de-la-ligne-p-presentees-au-yachting-festival-de-cannes-et-au-salon-nautique-de-genes\/#article\",\"isPartOf\":{\"@id\":\"https:\/\/www.fiart.com\/fr\/les-nouveautes-de-la-ligne-p-presentees-au-yachting-festival-de-cannes-et-au-salon-nautique-de-genes\/\"},\"author\":{\"name\":\"Giorgia Landolfi\",\"@id\":\"https:\/\/www.fiart.com\/#\/schema\/person\/6e65d6aa29e6a45a56f5ce5b9095e29e\"},\"headline\":\"Les nouveaut\u00e9s de la ligne P Pr\u00e9sent\u00e9es au Yachting Festival de Cannes et au Salon Nautique de G\u00eanes\",\"datePublished\":\"2024-10-04T08:17:29+00:00\",\"dateModified\":\"2024-10-04T08:18:18+00:00\",\"mainEntityOfPage\":{\"@id\":\"https:\/\/www.fiart.com\/fr\/les-nouveautes-de-la-ligne-p-presentees-au-yachting-festival-de-cannes-et-au-salon-nautique-de-genes\/\"},\"wordCount\":455,\"commentCount\":0,\"publisher\":{\"@id\":\"https:\/\/www.fiart.com\/#organization\"},\"articleSection\":[\"des expositions\"],\"inLanguage\":\"fr-FR\",\"potentialAction\":[{\"@type\":\"CommentAction\",\"name\":\"Comment\",\"target\":[\"https:\/\/www.fiart.com\/fr\/les-nouveautes-de-la-ligne-p-presentees-au-yachting-festival-de-cannes-et-au-salon-nautique-de-genes\/#respond\"]}]},{\"@type\":\"WebPage\",\"@id\":\"https:\/\/www.fiart.com\/fr\/les-nouveautes-de-la-ligne-p-presentees-au-yachting-festival-de-cannes-et-au-salon-nautique-de-genes\/\",\"url\":\"https:\/\/www.fiart.com\/fr\/les-nouveautes-de-la-ligne-p-presentees-au-yachting-festival-de-cannes-et-au-salon-nautique-de-genes\/\",\"name\":\"Les nouveaut\u00e9s de la ligne P Pr\u00e9sent\u00e9es au Yachting Festival de Cannes et au Salon Nautique de G\u00eanes\",\"isPartOf\":{\"@id\":\"https:\/\/www.fiart.com\/#website\"},\"datePublished\":\"2024-10-04T08:17:29+00:00\",\"dateModified\":\"2024-10-04T08:18:18+00:00\",\"description\":\"Les r\u00e9centes \u00e9ditions du Yachting Festival de Cannes et du Salon Nautique de G\u00eanes ont repr\u00e9sent\u00e9 des occasions \u00e0 ne pas manquer pour Fiart, avec le lancement de deux mod\u00e8les embl\u00e9matiques de la Custom Luxury Line, le P52 et le P58.\",\"breadcrumb\":{\"@id\":\"https:\/\/www.fiart.com\/fr\/les-nouveautes-de-la-ligne-p-presentees-au-yachting-festival-de-cannes-et-au-salon-nautique-de-genes\/#breadcrumb\"},\"inLanguage\":\"fr-FR\",\"potentialAction\":[{\"@type\":\"ReadAction\",\"target\":[\"https:\/\/www.fiart.com\/fr\/les-nouveautes-de-la-ligne-p-presentees-au-yachting-festival-de-cannes-et-au-salon-nautique-de-genes\/\"]}]},{\"@type\":\"BreadcrumbList\",\"@id\":\"https:\/\/www.fiart.com\/fr\/les-nouveautes-de-la-ligne-p-presentees-au-yachting-festival-de-cannes-et-au-salon-nautique-de-genes\/#breadcrumb\",\"itemListElement\":[{\"@type\":\"ListItem\",\"position\":1,\"name\":\"Home\",\"item\":\"https:\/\/www.fiart.com\/fr\/\"},{\"@type\":\"ListItem\",\"position\":2,\"name\":\"Les nouveaut\u00e9s de la ligne P Pr\u00e9sent\u00e9es au Yachting Festival de Cannes et au Salon Nautique de G\u00eanes\"}]},{\"@type\":\"WebSite\",\"@id\":\"https:\/\/www.fiart.com\/#website\",\"url\":\"https:\/\/www.fiart.com\/\",\"name\":\"Fiart Mare\",\"description\":\"\",\"publisher\":{\"@id\":\"https:\/\/www.fiart.com\/#organization\"},\"potentialAction\":[{\"@type\":\"SearchAction\",\"target\":{\"@type\":\"EntryPoint\",\"urlTemplate\":\"https:\/\/www.fiart.com\/?s={search_term_string}\"},\"query-input\":\"required name=search_term_string\"}],\"inLanguage\":\"fr-FR\"},{\"@type\":\"Organization\",\"@id\":\"https:\/\/www.fiart.com\/#organization\",\"name\":\"Fiart Mare\",\"url\":\"https:\/\/www.fiart.com\/\",\"logo\":{\"@type\":\"ImageObject\",\"inLanguage\":\"fr-FR\",\"@id\":\"https:\/\/www.fiart.com\/#\/schema\/logo\/image\/\",\"url\":\"https:\/\/www.fiart.com\/wp-content\/uploads\/2022\/09\/logo-fiart.png\",\"contentUrl\":\"https:\/\/www.fiart.com\/wp-content\/uploads\/2022\/09\/logo-fiart.png\",\"width\":233,\"height\":36,\"caption\":\"Fiart Mare\"},\"image\":{\"@id\":\"https:\/\/www.fiart.com\/#\/schema\/logo\/image\/\"},\"sameAs\":[\"https:\/\/www.facebook.com\/fiartmare\",\"https:\/\/www.instagram.com\/fiartmare\/\",\"https:\/\/www.linkedin.com\/company\/fiart-spa\/\",\"https:\/\/www.youtube.com\/channel\/UCD5FCXKqq1l4CZfs9dELKZQ\"]},{\"@type\":\"Person\",\"@id\":\"https:\/\/www.fiart.com\/#\/schema\/person\/6e65d6aa29e6a45a56f5ce5b9095e29e\",\"name\":\"Giorgia Landolfi\",\"image\":{\"@type\":\"ImageObject\",\"inLanguage\":\"fr-FR\",\"@id\":\"https:\/\/www.fiart.com\/#\/schema\/person\/image\/\",\"url\":\"https:\/\/secure.gravatar.com\/avatar\/972851f825908035834cdf2667da442ad1e8154cbb4ae8863da699b6d78c6c6d?s=96&d=mm&r=g\",\"contentUrl\":\"https:\/\/secure.gravatar.com\/avatar\/972851f825908035834cdf2667da442ad1e8154cbb4ae8863da699b6d78c6c6d?s=96&d=mm&r=g\",\"caption\":\"Giorgia Landolfi\"},\"url\":\"https:\/\/www.fiart.com\/fr\/author\/giorgia\/\"}]}<\/script>\n<!-- \/ Yoast SEO plugin. -->","yoast_head_json":{"title":"Les nouveaut\u00e9s de la ligne P Pr\u00e9sent\u00e9es au Yachting Festival de Cannes et au Salon Nautique de G\u00eanes","description":"Les r\u00e9centes \u00e9ditions du Yachting Festival de Cannes et du Salon Nautique de G\u00eanes ont repr\u00e9sent\u00e9 des occasions \u00e0 ne pas manquer pour Fiart, avec le lancement de deux mod\u00e8les embl\u00e9matiques de la Custom Luxury Line, le P52 et le P58.","robots":{"index":"index","follow":"follow","max-snippet":"max-snippet:-1","max-image-preview":"max-image-preview:large","max-video-preview":"max-video-preview:-1"},"canonical":"https:\/\/www.fiart.com\/fr\/les-nouveautes-de-la-ligne-p-presentees-au-yachting-festival-de-cannes-et-au-salon-nautique-de-genes\/","og_locale":"fr_FR","og_type":"article","og_title":"Les nouveaut\u00e9s de la ligne P Pr\u00e9sent\u00e9es au Yachting Festival de Cannes et au Salon Nautique de G\u00eanes","og_description":"Les r\u00e9centes \u00e9ditions du Yachting Festival de Cannes et du Salon Nautique de G\u00eanes ont repr\u00e9sent\u00e9 des occasions \u00e0 ne pas manquer pour Fiart, avec le lancement de deux mod\u00e8les embl\u00e9matiques de la Custom Luxury Line, le P52 et le P58.","og_url":"https:\/\/www.fiart.com\/fr\/les-nouveautes-de-la-ligne-p-presentees-au-yachting-festival-de-cannes-et-au-salon-nautique-de-genes\/","og_site_name":"Fiart Mare","article_publisher":"https:\/\/www.facebook.com\/fiartmare","article_published_time":"2024-10-04T08:17:29+00:00","article_modified_time":"2024-10-04T08:18:18+00:00","og_image":[{"width":1400,"height":1048,"url":"https:\/\/www.fiart.com\/wp-content\/uploads\/2024\/10\/fiart-P52.jpg","type":"image\/jpeg"}],"author":"Giorgia Landolfi","twitter_card":"summary_large_image","twitter_misc":{"\u00c9crit par":"Giorgia Landolfi","Dur\u00e9e de lecture estim\u00e9e":"3 minutes"},"schema":{"@context":"https:\/\/schema.org","@graph":[{"@type":"Article","@id":"https:\/\/www.fiart.com\/fr\/les-nouveautes-de-la-ligne-p-presentees-au-yachting-festival-de-cannes-et-au-salon-nautique-de-genes\/#article","isPartOf":{"@id":"https:\/\/www.fiart.com\/fr\/les-nouveautes-de-la-ligne-p-presentees-au-yachting-festival-de-cannes-et-au-salon-nautique-de-genes\/"},"author":{"name":"Giorgia Landolfi","@id":"https:\/\/www.fiart.com\/#\/schema\/person\/6e65d6aa29e6a45a56f5ce5b9095e29e"},"headline":"Les nouveaut\u00e9s de la ligne P Pr\u00e9sent\u00e9es au Yachting Festival de Cannes et au Salon Nautique de G\u00eanes","datePublished":"2024-10-04T08:17:29+00:00","dateModified":"2024-10-04T08:18:18+00:00","mainEntityOfPage":{"@id":"https:\/\/www.fiart.com\/fr\/les-nouveautes-de-la-ligne-p-presentees-au-yachting-festival-de-cannes-et-au-salon-nautique-de-genes\/"},"wordCount":455,"commentCount":0,"publisher":{"@id":"https:\/\/www.fiart.com\/#organization"},"articleSection":["des expositions"],"inLanguage":"fr-FR","potentialAction":[{"@type":"CommentAction","name":"Comment","target":["https:\/\/www.fiart.com\/fr\/les-nouveautes-de-la-ligne-p-presentees-au-yachting-festival-de-cannes-et-au-salon-nautique-de-genes\/#respond"]}]},{"@type":"WebPage","@id":"https:\/\/www.fiart.com\/fr\/les-nouveautes-de-la-ligne-p-presentees-au-yachting-festival-de-cannes-et-au-salon-nautique-de-genes\/","url":"https:\/\/www.fiart.com\/fr\/les-nouveautes-de-la-ligne-p-presentees-au-yachting-festival-de-cannes-et-au-salon-nautique-de-genes\/","name":"Les nouveaut\u00e9s de la ligne P Pr\u00e9sent\u00e9es au Yachting Festival de Cannes et au Salon Nautique de G\u00eanes","isPartOf":{"@id":"https:\/\/www.fiart.com\/#website"},"datePublished":"2024-10-04T08:17:29+00:00","dateModified":"2024-10-04T08:18:18+00:00","description":"Les r\u00e9centes \u00e9ditions du Yachting Festival de Cannes et du Salon Nautique de G\u00eanes ont repr\u00e9sent\u00e9 des occasions \u00e0 ne pas manquer pour Fiart, avec le lancement de deux mod\u00e8les embl\u00e9matiques de la Custom Luxury Line, le P52 et le P58.","breadcrumb":{"@id":"https:\/\/www.fiart.com\/fr\/les-nouveautes-de-la-ligne-p-presentees-au-yachting-festival-de-cannes-et-au-salon-nautique-de-genes\/#breadcrumb"},"inLanguage":"fr-FR","potentialAction":[{"@type":"ReadAction","target":["https:\/\/www.fiart.com\/fr\/les-nouveautes-de-la-ligne-p-presentees-au-yachting-festival-de-cannes-et-au-salon-nautique-de-genes\/"]}]},{"@type":"BreadcrumbList","@id":"https:\/\/www.fiart.com\/fr\/les-nouveautes-de-la-ligne-p-presentees-au-yachting-festival-de-cannes-et-au-salon-nautique-de-genes\/#breadcrumb","itemListElement":[{"@type":"ListItem","position":1,"name":"Home","item":"https:\/\/www.fiart.com\/fr\/"},{"@type":"ListItem","position":2,"name":"Les nouveaut\u00e9s de la ligne P Pr\u00e9sent\u00e9es au Yachting Festival de Cannes et au Salon Nautique de G\u00eanes"}]},{"@type":"WebSite","@id":"https:\/\/www.fiart.com\/#website","url":"https:\/\/www.fiart.com\/","name":"Fiart Mare","description":"","publisher":{"@id":"https:\/\/www.fiart.com\/#organization"},"potentialAction":[{"@type":"SearchAction","target":{"@type":"EntryPoint","urlTemplate":"https:\/\/www.fiart.com\/?s={search_term_string}"},"query-input":"required name=search_term_string"}],"inLanguage":"fr-FR"},{"@type":"Organization","@id":"https:\/\/www.fiart.com\/#organization","name":"Fiart Mare","url":"https:\/\/www.fiart.com\/","logo":{"@type":"ImageObject","inLanguage":"fr-FR","@id":"https:\/\/www.fiart.com\/#\/schema\/logo\/image\/","url":"https:\/\/www.fiart.com\/wp-content\/uploads\/2022\/09\/logo-fiart.png","contentUrl":"https:\/\/www.fiart.com\/wp-content\/uploads\/2022\/09\/logo-fiart.png","width":233,"height":36,"caption":"Fiart Mare"},"image":{"@id":"https:\/\/www.fiart.com\/#\/schema\/logo\/image\/"},"sameAs":["https:\/\/www.facebook.com\/fiartmare","https:\/\/www.instagram.com\/fiartmare\/","https:\/\/www.linkedin.com\/company\/fiart-spa\/","https:\/\/www.youtube.com\/channel\/UCD5FCXKqq1l4CZfs9dELKZQ"]},{"@type":"Person","@id":"https:\/\/www.fiart.com\/#\/schema\/person\/6e65d6aa29e6a45a56f5ce5b9095e29e","name":"Giorgia Landolfi","image":{"@type":"ImageObject","inLanguage":"fr-FR","@id":"https:\/\/www.fiart.com\/#\/schema\/person\/image\/","url":"https:\/\/secure.gravatar.com\/avatar\/972851f825908035834cdf2667da442ad1e8154cbb4ae8863da699b6d78c6c6d?s=96&d=mm&r=g","contentUrl":"https:\/\/secure.gravatar.com\/avatar\/972851f825908035834cdf2667da442ad1e8154cbb4ae8863da699b6d78c6c6d?s=96&d=mm&r=g","caption":"Giorgia Landolfi"},"url":"https:\/\/www.fiart.com\/fr\/author\/giorgia\/"}]}},"_links":{"self":[{"href":"https:\/\/www.fiart.com\/fr\/wp-json\/wp\/v2\/posts\/4119","targetHints":{"allow":["GET"]}}],"collection":[{"href":"https:\/\/www.fiart.com\/fr\/wp-json\/wp\/v2\/posts"}],"about":[{"href":"https:\/\/www.fiart.com\/fr\/wp-json\/wp\/v2\/types\/post"}],"author":[{"embeddable":true,"href":"https:\/\/www.fiart.com\/fr\/wp-json\/wp\/v2\/users\/3"}],"replies":[{"embeddable":true,"href":"https:\/\/www.fiart.com\/fr\/wp-json\/wp\/v2\/comments?post=4119"}],"version-history":[{"count":1,"href":"https:\/\/www.fiart.com\/fr\/wp-json\/wp\/v2\/posts\/4119\/revisions"}],"predecessor-version":[{"id":4120,"href":"https:\/\/www.fiart.com\/fr\/wp-json\/wp\/v2\/posts\/4119\/revisions\/4120"}],"wp:featuredmedia":[{"embeddable":true,"href":"https:\/\/www.fiart.com\/fr\/wp-json\/wp\/v2\/media\/4114"}],"wp:attachment":[{"href":"https:\/\/www.fiart.com\/fr\/wp-json\/wp\/v2\/media?parent=4119"}],"wp:term":[{"taxonomy":"category","embeddable":true,"href":"https:\/\/www.fiart.com\/fr\/wp-json\/wp\/v2\/categories?post=4119"},{"taxonomy":"post_tag","embeddable":true,"href":"https:\/\/www.fiart.com\/fr\/wp-json\/wp\/v2\/tags?post=4119"}],"curies":[{"name":"wp","href":"https:\/\/api.w.org\/{rel}","templated":true}]}}