{"id":4098,"date":"2024-08-23T10:31:38","date_gmt":"2024-08-23T10:31:38","guid":{"rendered":"https:\/\/www.fiart.com\/?p=4098"},"modified":"2024-08-23T10:31:44","modified_gmt":"2024-08-23T10:31:44","slug":"fiart-au-salon-nautique-international-de-genes-2024-les-avant-premieres-italiennes-du-p52-et-du-p58","status":"publish","type":"post","link":"https:\/\/www.fiart.com\/fr\/fiart-au-salon-nautique-international-de-genes-2024-les-avant-premieres-italiennes-du-p52-et-du-p58\/","title":{"rendered":"Fiart au Salon Nautique International de G\u00eanes 2024: les avant-premi\u00e8res italiennes du P52 et du P58 \u00a0"},"content":{"rendered":"\n<p>Nous sommes ravis d\u2019annoncer notre participation \u00e0 la 64\u00e8me \u00e9dition du<strong> Salon Nautique International de G\u00eanes<\/strong>, rendez-vous incontournable pour tous les amateurs deil mare e dela nautica,<strong> du 19 au 24 septembre 2024. \u00a0<\/strong><\/p>\n\n\n\n<p>Le Salon de G\u00eanes repr\u00e9sente pour nous non seulement un lieu d\u2019exposition, mais aussi une occasion pr\u00e9cieuse de confrontation et de rencontre avec les professionnels du secteur et les passionn\u00e9s.&nbsp; &nbsp;<\/p>\n\n\n\n<p>Pour cela, nous sommes pr\u00e9sents au Salon de G\u00eanes depuis 64 ans et cette ann\u00e9e encore, nous avons renouvel\u00e9 notre participation, convaincus que l\u2019avenir du nautisme se construit par le dialogue et la collaboration. &nbsp;<\/p>\n\n\n\n<p><strong>Vous pouvez nous trouver au Quai E, stand YE45<\/strong>, o\u00f9 nous pr\u00e9senterons quelques-unes de nos plus grandes nouveaut\u00e9s : \u00a0<\/p>\n\n\n\n<p><strong><a href=\"https:\/\/www.fiart.com\/p52\/\">P52 (avant-premi\u00e8re italienne)<\/a>:<\/strong> Nous sommes particuli\u00e8rement fiers de pr\u00e9senter pour la premi\u00e8re fois en Italie ce yacht qui red\u00e9finit le concept de luxe et de performance, gr\u00e2ce \u00e0 un design raffin\u00e9 et des solutions technologiques avanc\u00e9es. \u00a0<\/p>\n\n\n\n<p><strong><a href=\"https:\/\/www.fiart.com\/p58\/\">P58 (avant-premi\u00e8re italienne): <\/a><\/strong>Un autre bijou que nous d\u00e9voilerons en avant-premi\u00e8re, con\u00e7u pour ceux qui recherchent le maximum de qualit\u00e9 et de confort en mer, avec un style moderne et sophistiqu\u00e9. \u00a0<\/p>\n\n\n\n<p><strong><a href=\"SW35:\">SW35:<\/a><\/strong> Un bateau compact mais polyvalent, con\u00e7u pour offrir l\u2019\u00e9quilibre parfait entre \u00e9l\u00e9gance et performance. <\/p>\n\n\n\n<p><strong><a href=\"https:\/\/www.fiart.com\/seawalker-43-panorama\/\">SW43 Panorama<\/a><\/strong>: Un mod\u00e8le que nous avons con\u00e7u pour assurer le maximum de confort \u00e0 bord, avec des espaces g\u00e9n\u00e9reux et une vue imprenable sur l\u2019horizon. \u00a0<\/p>\n\n\n\n<p>Nous sommes extr\u00eamement fiers de nos cr\u00e9ations et nous avons h\u00e2te de les partager avec vous. &nbsp;<\/p>\n\n\n\n<p><strong>Nous vous attendons du 19 au 24 septembre au Salon Nautique de G\u00eanes, pr\u00eats \u00e0 vous accueillir et \u00e0 vous faire vivre l\u2019exp\u00e9rience Fiart de pr\u00e8s!\u00a0<\/strong><\/p>\n","protected":false},"excerpt":{"rendered":"<p>Nous sommes ravis d\u2019annoncer notre participation \u00e0 la 64\u00e8me \u00e9dition du Salon Nautique International de G\u00eanes, rendez-vous incontournable pour tous les amateurs deil mare e dela nautica, du 19 au 24 septembre 2024. \u00a0 Le Salon de G\u00eanes repr\u00e9sente pour nous non seulement un lieu d\u2019exposition, mais aussi une occasion pr\u00e9cieuse de confrontation et de &hellip; <a href=\"https:\/\/www.fiart.com\/fr\/fiart-au-salon-nautique-international-de-genes-2024-les-avant-premieres-italiennes-du-p52-et-du-p58\/\" class=\"more-link\"><\/a><\/p>\n","protected":false},"author":3,"featured_media":4100,"comment_status":"open","ping_status":"open","sticky":true,"template":"","format":"standard","meta":{"footnotes":""},"categories":[51],"tags":[],"class_list":["post-4098","post","type-post","status-publish","format-standard","has-post-thumbnail","hentry","category-des-expositions"],"acf":[],"yoast_head":"<!-- This site is optimized with the Yoast SEO plugin v22.1 - https:\/\/yoast.com\/wordpress\/plugins\/seo\/ -->\n<title>Fiart au Salon Nautique International de G\u00eanes 2024: les avant-premi\u00e8res italiennes du P52 et du P58 \u00a0<\/title>\n<meta name=\"description\" content=\"Nous vous attendons du 19 au 24 septembre au Salon Nautique de G\u00eanes, pr\u00eats \u00e0 vous accueillir et \u00e0 vous faire vivre l\u2019exp\u00e9rience Fiart de pr\u00e8s!\" \/>\n<meta name=\"robots\" content=\"index, follow, max-snippet:-1, max-image-preview:large, max-video-preview:-1\" \/>\n<link rel=\"canonical\" href=\"https:\/\/www.fiart.com\/fr\/fiart-au-salon-nautique-international-de-genes-2024-les-avant-premieres-italiennes-du-p52-et-du-p58\/\" \/>\n<meta property=\"og:locale\" content=\"fr_FR\" \/>\n<meta property=\"og:type\" content=\"article\" \/>\n<meta property=\"og:title\" content=\"Fiart au Salon Nautique International de G\u00eanes 2024: les avant-premi\u00e8res italiennes du P52 et du P58 \u00a0\" \/>\n<meta property=\"og:description\" content=\"Nous vous attendons du 19 au 24 septembre au Salon Nautique de G\u00eanes, pr\u00eats \u00e0 vous accueillir et \u00e0 vous faire vivre l\u2019exp\u00e9rience Fiart de pr\u00e8s!\" \/>\n<meta property=\"og:url\" content=\"https:\/\/www.fiart.com\/fr\/fiart-au-salon-nautique-international-de-genes-2024-les-avant-premieres-italiennes-du-p52-et-du-p58\/\" \/>\n<meta property=\"og:site_name\" content=\"Fiart Mare\" \/>\n<meta property=\"article:publisher\" content=\"https:\/\/www.facebook.com\/fiartmare\" \/>\n<meta property=\"article:published_time\" content=\"2024-08-23T10:31:38+00:00\" \/>\n<meta property=\"article:modified_time\" content=\"2024-08-23T10:31:44+00:00\" \/>\n<meta property=\"og:image\" content=\"https:\/\/www.fiart.com\/wp-content\/uploads\/2024\/08\/Fiart-Al_Salone_di_genova-2024.jpg\" \/>\n\t<meta property=\"og:image:width\" content=\"2398\" \/>\n\t<meta property=\"og:image:height\" content=\"1440\" \/>\n\t<meta property=\"og:image:type\" content=\"image\/jpeg\" \/>\n<meta name=\"author\" content=\"Giorgia Landolfi\" \/>\n<meta name=\"twitter:card\" content=\"summary_large_image\" \/>\n<meta name=\"twitter:label1\" content=\"\u00c9crit par\" \/>\n\t<meta name=\"twitter:data1\" content=\"Giorgia Landolfi\" \/>\n\t<meta name=\"twitter:label2\" content=\"Dur\u00e9e de lecture estim\u00e9e\" \/>\n\t<meta name=\"twitter:data2\" content=\"2 minutes\" \/>\n<script type=\"application\/ld+json\" class=\"yoast-schema-graph\">{\"@context\":\"https:\/\/schema.org\",\"@graph\":[{\"@type\":\"Article\",\"@id\":\"https:\/\/www.fiart.com\/fr\/fiart-au-salon-nautique-international-de-genes-2024-les-avant-premieres-italiennes-du-p52-et-du-p58\/#article\",\"isPartOf\":{\"@id\":\"https:\/\/www.fiart.com\/fr\/fiart-au-salon-nautique-international-de-genes-2024-les-avant-premieres-italiennes-du-p52-et-du-p58\/\"},\"author\":{\"name\":\"Giorgia Landolfi\",\"@id\":\"https:\/\/www.fiart.com\/#\/schema\/person\/6e65d6aa29e6a45a56f5ce5b9095e29e\"},\"headline\":\"Fiart au Salon Nautique International de G\u00eanes 2024: les avant-premi\u00e8res italiennes du P52 et du P58 \u00a0\",\"datePublished\":\"2024-08-23T10:31:38+00:00\",\"dateModified\":\"2024-08-23T10:31:44+00:00\",\"mainEntityOfPage\":{\"@id\":\"https:\/\/www.fiart.com\/fr\/fiart-au-salon-nautique-international-de-genes-2024-les-avant-premieres-italiennes-du-p52-et-du-p58\/\"},\"wordCount\":315,\"commentCount\":0,\"publisher\":{\"@id\":\"https:\/\/www.fiart.com\/#organization\"},\"articleSection\":[\"des expositions\"],\"inLanguage\":\"fr-FR\",\"potentialAction\":[{\"@type\":\"CommentAction\",\"name\":\"Comment\",\"target\":[\"https:\/\/www.fiart.com\/fr\/fiart-au-salon-nautique-international-de-genes-2024-les-avant-premieres-italiennes-du-p52-et-du-p58\/#respond\"]}]},{\"@type\":\"WebPage\",\"@id\":\"https:\/\/www.fiart.com\/fr\/fiart-au-salon-nautique-international-de-genes-2024-les-avant-premieres-italiennes-du-p52-et-du-p58\/\",\"url\":\"https:\/\/www.fiart.com\/fr\/fiart-au-salon-nautique-international-de-genes-2024-les-avant-premieres-italiennes-du-p52-et-du-p58\/\",\"name\":\"Fiart au Salon Nautique International de G\u00eanes 2024: les avant-premi\u00e8res italiennes du P52 et du P58 \u00a0\",\"isPartOf\":{\"@id\":\"https:\/\/www.fiart.com\/#website\"},\"datePublished\":\"2024-08-23T10:31:38+00:00\",\"dateModified\":\"2024-08-23T10:31:44+00:00\",\"description\":\"Nous vous attendons du 19 au 24 septembre au Salon Nautique de G\u00eanes, pr\u00eats \u00e0 vous accueillir et \u00e0 vous faire vivre l\u2019exp\u00e9rience Fiart de pr\u00e8s!\",\"breadcrumb\":{\"@id\":\"https:\/\/www.fiart.com\/fr\/fiart-au-salon-nautique-international-de-genes-2024-les-avant-premieres-italiennes-du-p52-et-du-p58\/#breadcrumb\"},\"inLanguage\":\"fr-FR\",\"potentialAction\":[{\"@type\":\"ReadAction\",\"target\":[\"https:\/\/www.fiart.com\/fr\/fiart-au-salon-nautique-international-de-genes-2024-les-avant-premieres-italiennes-du-p52-et-du-p58\/\"]}]},{\"@type\":\"BreadcrumbList\",\"@id\":\"https:\/\/www.fiart.com\/fr\/fiart-au-salon-nautique-international-de-genes-2024-les-avant-premieres-italiennes-du-p52-et-du-p58\/#breadcrumb\",\"itemListElement\":[{\"@type\":\"ListItem\",\"position\":1,\"name\":\"Home\",\"item\":\"https:\/\/www.fiart.com\/fr\/\"},{\"@type\":\"ListItem\",\"position\":2,\"name\":\"Fiart au Salon Nautique International de G\u00eanes 2024: les avant-premi\u00e8res italiennes du P52 et du P58 \u00a0\"}]},{\"@type\":\"WebSite\",\"@id\":\"https:\/\/www.fiart.com\/#website\",\"url\":\"https:\/\/www.fiart.com\/\",\"name\":\"Fiart Mare\",\"description\":\"\",\"publisher\":{\"@id\":\"https:\/\/www.fiart.com\/#organization\"},\"potentialAction\":[{\"@type\":\"SearchAction\",\"target\":{\"@type\":\"EntryPoint\",\"urlTemplate\":\"https:\/\/www.fiart.com\/?s={search_term_string}\"},\"query-input\":\"required name=search_term_string\"}],\"inLanguage\":\"fr-FR\"},{\"@type\":\"Organization\",\"@id\":\"https:\/\/www.fiart.com\/#organization\",\"name\":\"Fiart Mare\",\"url\":\"https:\/\/www.fiart.com\/\",\"logo\":{\"@type\":\"ImageObject\",\"inLanguage\":\"fr-FR\",\"@id\":\"https:\/\/www.fiart.com\/#\/schema\/logo\/image\/\",\"url\":\"https:\/\/www.fiart.com\/wp-content\/uploads\/2022\/09\/logo-fiart.png\",\"contentUrl\":\"https:\/\/www.fiart.com\/wp-content\/uploads\/2022\/09\/logo-fiart.png\",\"width\":233,\"height\":36,\"caption\":\"Fiart Mare\"},\"image\":{\"@id\":\"https:\/\/www.fiart.com\/#\/schema\/logo\/image\/\"},\"sameAs\":[\"https:\/\/www.facebook.com\/fiartmare\",\"https:\/\/www.instagram.com\/fiartmare\/\",\"https:\/\/www.linkedin.com\/company\/fiart-spa\/\",\"https:\/\/www.youtube.com\/channel\/UCD5FCXKqq1l4CZfs9dELKZQ\"]},{\"@type\":\"Person\",\"@id\":\"https:\/\/www.fiart.com\/#\/schema\/person\/6e65d6aa29e6a45a56f5ce5b9095e29e\",\"name\":\"Giorgia Landolfi\",\"image\":{\"@type\":\"ImageObject\",\"inLanguage\":\"fr-FR\",\"@id\":\"https:\/\/www.fiart.com\/#\/schema\/person\/image\/\",\"url\":\"https:\/\/secure.gravatar.com\/avatar\/972851f825908035834cdf2667da442ad1e8154cbb4ae8863da699b6d78c6c6d?s=96&d=mm&r=g\",\"contentUrl\":\"https:\/\/secure.gravatar.com\/avatar\/972851f825908035834cdf2667da442ad1e8154cbb4ae8863da699b6d78c6c6d?s=96&d=mm&r=g\",\"caption\":\"Giorgia Landolfi\"},\"url\":\"https:\/\/www.fiart.com\/fr\/author\/giorgia\/\"}]}<\/script>\n<!-- \/ Yoast SEO plugin. -->","yoast_head_json":{"title":"Fiart au Salon Nautique International de G\u00eanes 2024: les avant-premi\u00e8res italiennes du P52 et du P58 \u00a0","description":"Nous vous attendons du 19 au 24 septembre au Salon Nautique de G\u00eanes, pr\u00eats \u00e0 vous accueillir et \u00e0 vous faire vivre l\u2019exp\u00e9rience Fiart de pr\u00e8s!","robots":{"index":"index","follow":"follow","max-snippet":"max-snippet:-1","max-image-preview":"max-image-preview:large","max-video-preview":"max-video-preview:-1"},"canonical":"https:\/\/www.fiart.com\/fr\/fiart-au-salon-nautique-international-de-genes-2024-les-avant-premieres-italiennes-du-p52-et-du-p58\/","og_locale":"fr_FR","og_type":"article","og_title":"Fiart au Salon Nautique International de G\u00eanes 2024: les avant-premi\u00e8res italiennes du P52 et du P58 \u00a0","og_description":"Nous vous attendons du 19 au 24 septembre au Salon Nautique de G\u00eanes, pr\u00eats \u00e0 vous accueillir et \u00e0 vous faire vivre l\u2019exp\u00e9rience Fiart de pr\u00e8s!","og_url":"https:\/\/www.fiart.com\/fr\/fiart-au-salon-nautique-international-de-genes-2024-les-avant-premieres-italiennes-du-p52-et-du-p58\/","og_site_name":"Fiart Mare","article_publisher":"https:\/\/www.facebook.com\/fiartmare","article_published_time":"2024-08-23T10:31:38+00:00","article_modified_time":"2024-08-23T10:31:44+00:00","og_image":[{"width":2398,"height":1440,"url":"https:\/\/www.fiart.com\/wp-content\/uploads\/2024\/08\/Fiart-Al_Salone_di_genova-2024.jpg","type":"image\/jpeg"}],"author":"Giorgia Landolfi","twitter_card":"summary_large_image","twitter_misc":{"\u00c9crit par":"Giorgia Landolfi","Dur\u00e9e de lecture estim\u00e9e":"2 minutes"},"schema":{"@context":"https:\/\/schema.org","@graph":[{"@type":"Article","@id":"https:\/\/www.fiart.com\/fr\/fiart-au-salon-nautique-international-de-genes-2024-les-avant-premieres-italiennes-du-p52-et-du-p58\/#article","isPartOf":{"@id":"https:\/\/www.fiart.com\/fr\/fiart-au-salon-nautique-international-de-genes-2024-les-avant-premieres-italiennes-du-p52-et-du-p58\/"},"author":{"name":"Giorgia Landolfi","@id":"https:\/\/www.fiart.com\/#\/schema\/person\/6e65d6aa29e6a45a56f5ce5b9095e29e"},"headline":"Fiart au Salon Nautique International de G\u00eanes 2024: les avant-premi\u00e8res italiennes du P52 et du P58 \u00a0","datePublished":"2024-08-23T10:31:38+00:00","dateModified":"2024-08-23T10:31:44+00:00","mainEntityOfPage":{"@id":"https:\/\/www.fiart.com\/fr\/fiart-au-salon-nautique-international-de-genes-2024-les-avant-premieres-italiennes-du-p52-et-du-p58\/"},"wordCount":315,"commentCount":0,"publisher":{"@id":"https:\/\/www.fiart.com\/#organization"},"articleSection":["des expositions"],"inLanguage":"fr-FR","potentialAction":[{"@type":"CommentAction","name":"Comment","target":["https:\/\/www.fiart.com\/fr\/fiart-au-salon-nautique-international-de-genes-2024-les-avant-premieres-italiennes-du-p52-et-du-p58\/#respond"]}]},{"@type":"WebPage","@id":"https:\/\/www.fiart.com\/fr\/fiart-au-salon-nautique-international-de-genes-2024-les-avant-premieres-italiennes-du-p52-et-du-p58\/","url":"https:\/\/www.fiart.com\/fr\/fiart-au-salon-nautique-international-de-genes-2024-les-avant-premieres-italiennes-du-p52-et-du-p58\/","name":"Fiart au Salon Nautique International de G\u00eanes 2024: les avant-premi\u00e8res italiennes du P52 et du P58 \u00a0","isPartOf":{"@id":"https:\/\/www.fiart.com\/#website"},"datePublished":"2024-08-23T10:31:38+00:00","dateModified":"2024-08-23T10:31:44+00:00","description":"Nous vous attendons du 19 au 24 septembre au Salon Nautique de G\u00eanes, pr\u00eats \u00e0 vous accueillir et \u00e0 vous faire vivre l\u2019exp\u00e9rience Fiart de pr\u00e8s!","breadcrumb":{"@id":"https:\/\/www.fiart.com\/fr\/fiart-au-salon-nautique-international-de-genes-2024-les-avant-premieres-italiennes-du-p52-et-du-p58\/#breadcrumb"},"inLanguage":"fr-FR","potentialAction":[{"@type":"ReadAction","target":["https:\/\/www.fiart.com\/fr\/fiart-au-salon-nautique-international-de-genes-2024-les-avant-premieres-italiennes-du-p52-et-du-p58\/"]}]},{"@type":"BreadcrumbList","@id":"https:\/\/www.fiart.com\/fr\/fiart-au-salon-nautique-international-de-genes-2024-les-avant-premieres-italiennes-du-p52-et-du-p58\/#breadcrumb","itemListElement":[{"@type":"ListItem","position":1,"name":"Home","item":"https:\/\/www.fiart.com\/fr\/"},{"@type":"ListItem","position":2,"name":"Fiart au Salon Nautique International de G\u00eanes 2024: les avant-premi\u00e8res italiennes du P52 et du P58 \u00a0"}]},{"@type":"WebSite","@id":"https:\/\/www.fiart.com\/#website","url":"https:\/\/www.fiart.com\/","name":"Fiart Mare","description":"","publisher":{"@id":"https:\/\/www.fiart.com\/#organization"},"potentialAction":[{"@type":"SearchAction","target":{"@type":"EntryPoint","urlTemplate":"https:\/\/www.fiart.com\/?s={search_term_string}"},"query-input":"required name=search_term_string"}],"inLanguage":"fr-FR"},{"@type":"Organization","@id":"https:\/\/www.fiart.com\/#organization","name":"Fiart Mare","url":"https:\/\/www.fiart.com\/","logo":{"@type":"ImageObject","inLanguage":"fr-FR","@id":"https:\/\/www.fiart.com\/#\/schema\/logo\/image\/","url":"https:\/\/www.fiart.com\/wp-content\/uploads\/2022\/09\/logo-fiart.png","contentUrl":"https:\/\/www.fiart.com\/wp-content\/uploads\/2022\/09\/logo-fiart.png","width":233,"height":36,"caption":"Fiart Mare"},"image":{"@id":"https:\/\/www.fiart.com\/#\/schema\/logo\/image\/"},"sameAs":["https:\/\/www.facebook.com\/fiartmare","https:\/\/www.instagram.com\/fiartmare\/","https:\/\/www.linkedin.com\/company\/fiart-spa\/","https:\/\/www.youtube.com\/channel\/UCD5FCXKqq1l4CZfs9dELKZQ"]},{"@type":"Person","@id":"https:\/\/www.fiart.com\/#\/schema\/person\/6e65d6aa29e6a45a56f5ce5b9095e29e","name":"Giorgia Landolfi","image":{"@type":"ImageObject","inLanguage":"fr-FR","@id":"https:\/\/www.fiart.com\/#\/schema\/person\/image\/","url":"https:\/\/secure.gravatar.com\/avatar\/972851f825908035834cdf2667da442ad1e8154cbb4ae8863da699b6d78c6c6d?s=96&d=mm&r=g","contentUrl":"https:\/\/secure.gravatar.com\/avatar\/972851f825908035834cdf2667da442ad1e8154cbb4ae8863da699b6d78c6c6d?s=96&d=mm&r=g","caption":"Giorgia Landolfi"},"url":"https:\/\/www.fiart.com\/fr\/author\/giorgia\/"}]}},"_links":{"self":[{"href":"https:\/\/www.fiart.com\/fr\/wp-json\/wp\/v2\/posts\/4098","targetHints":{"allow":["GET"]}}],"collection":[{"href":"https:\/\/www.fiart.com\/fr\/wp-json\/wp\/v2\/posts"}],"about":[{"href":"https:\/\/www.fiart.com\/fr\/wp-json\/wp\/v2\/types\/post"}],"author":[{"embeddable":true,"href":"https:\/\/www.fiart.com\/fr\/wp-json\/wp\/v2\/users\/3"}],"replies":[{"embeddable":true,"href":"https:\/\/www.fiart.com\/fr\/wp-json\/wp\/v2\/comments?post=4098"}],"version-history":[{"count":1,"href":"https:\/\/www.fiart.com\/fr\/wp-json\/wp\/v2\/posts\/4098\/revisions"}],"predecessor-version":[{"id":4099,"href":"https:\/\/www.fiart.com\/fr\/wp-json\/wp\/v2\/posts\/4098\/revisions\/4099"}],"wp:featuredmedia":[{"embeddable":true,"href":"https:\/\/www.fiart.com\/fr\/wp-json\/wp\/v2\/media\/4100"}],"wp:attachment":[{"href":"https:\/\/www.fiart.com\/fr\/wp-json\/wp\/v2\/media?parent=4098"}],"wp:term":[{"taxonomy":"category","embeddable":true,"href":"https:\/\/www.fiart.com\/fr\/wp-json\/wp\/v2\/categories?post=4098"},{"taxonomy":"post_tag","embeddable":true,"href":"https:\/\/www.fiart.com\/fr\/wp-json\/wp\/v2\/tags?post=4098"}],"curies":[{"name":"wp","href":"https:\/\/api.w.org\/{rel}","templated":true}]}}