{"id":3795,"date":"2024-04-19T13:51:32","date_gmt":"2024-04-19T13:51:32","guid":{"rendered":"https:\/\/www.fiart.com\/?p=3795"},"modified":"2024-04-19T13:51:39","modified_gmt":"2024-04-19T13:51:39","slug":"fiart-en-avril-les-modeles-sw-35-et-sw43-panorama-au-palma-international-boat-show","status":"publish","type":"post","link":"https:\/\/www.fiart.com\/fr\/fiart-en-avril-les-modeles-sw-35-et-sw43-panorama-au-palma-international-boat-show\/","title":{"rendered":"Fiart\u00a0: En avril, les mod\u00e8les SW 35 et SW43 Panorama au Palma International Boat Show"},"content":{"rendered":"\n<p>Nous sommes ravis d\u2019annoncer notre retour au <strong>Palma International Boat Show<\/strong>, \u00e9v\u00e9nement qui repr\u00e9sente un pilier fondamental dans le panorama nautique espagnol et international. Cette ann\u00e9e, la charmante \u00eele de Palma de Mallorca nous accueillera du 25 au 28\u00a0avril, gr\u00e2ce au soutien de nos pr\u00e9cieux partenaires, Me Yatching et <a href=\"https:\/\/www.probrava.com\/\">Probrava Group<\/a>, deux points de r\u00e9f\u00e9rence pour les clients qui naviguent dans les merveilleuses \u00eeles espagnoles.<\/p>\n\n\n\n<p>Sur notre stand M9-10-11, nous vous invitons \u00e0 admirer de pr\u00e8s et essayer sur rendez-vous deux bijoux de notre gamme Seawalker&nbsp;: le Seawalker35 et le dernier n\u00e9 de la gamme, le Seawalker 43 Panorama, qui fera ses d\u00e9buts sur le march\u00e9 espagnol.<\/p>\n\n\n<div class=\"wp-block-image\">\n<figure class=\"aligncenter size-large\"><img loading=\"lazy\" decoding=\"async\" width=\"1024\" height=\"767\" src=\"https:\/\/www.fiart.com\/wp-content\/uploads\/2024\/04\/SW43P_a.muscatello22-2-1024x767.jpg\" alt=\"\" class=\"wp-image-3796\" srcset=\"https:\/\/www.fiart.com\/wp-content\/uploads\/2024\/04\/SW43P_a.muscatello22-2-1024x767.jpg 1024w, https:\/\/www.fiart.com\/wp-content\/uploads\/2024\/04\/SW43P_a.muscatello22-2-300x225.jpg 300w, https:\/\/www.fiart.com\/wp-content\/uploads\/2024\/04\/SW43P_a.muscatello22-2-768x575.jpg 768w, https:\/\/www.fiart.com\/wp-content\/uploads\/2024\/04\/SW43P_a.muscatello22-2.jpg 1400w\" sizes=\"auto, (max-width: 1024px) 100vw, 1024px\" \/><\/figure>\n<\/div>\n\n\n<p>Le <a href=\"https:\/\/www.fiart.com\/seawalker-43-panorama\/\">Seawalker 43 Panorama<\/a> est une variante de luxe du Seawalker 43, con\u00e7u pour les croisi\u00e8res de longue dur\u00e9e. Parmi ses caract\u00e9ristiques les plus int\u00e9ressantes, on trouve le nouveau hard-top, reli\u00e9 au pare-brise avant en cristal, qui ferme l\u2019environnement dans la zone frontale, amplifie l\u2019espace habitable \u00e0 l\u2019ext\u00e9rieur et garantit une navigation prot\u00e9g\u00e9e et confortable. De plus, la version Panorama offre la possibilit\u00e9 d\u2019int\u00e9grer un syst\u00e8me de panneaux solaires sur le cristal arri\u00e8re, contribuant ainsi \u00e0 r\u00e9duire la consommation et l\u2019impact environnemental.<\/p>\n\n\n\n<p>Avec le 43, sa plus jeune s\u0153ur, le <a href=\"https:\/\/www.fiart.com\/seawalker-35\/\">Seawalker 35<\/a>, un v\u00e9ritable best-seller sur les march\u00e9s m\u00e9diterran\u00e9ens. Ce bateau rapide et maniable, parfait comme croiseur quotidien, offre un m\u00e9lange parfait de confort et de performance. Avec ses g\u00e9n\u00e9reux espaces int\u00e9rieurs et ext\u00e9rieurs, le Seawalker 35 peut accueillir confortablement jusqu\u2019\u00e0 10 personnes en navigation et 4 pour la nuit, offrant une grande cabine principale, une salle de bains avec douche s\u00e9par\u00e9e et une plus petite cabine double avec lits simples.<\/p>\n\n\n\n<p>Notre gamme Seawalker continue d\u2019\u00eatre la quintessence de la polyvalence, du confort et de la performance. Nous sommes fiers d\u2019offrir des solutions personnalisables gr\u00e2ce au projet Bespoke, qui permet aux propri\u00e9taires de cr\u00e9er le bateau de leurs r\u00eaves, en choisissant parmi une large gamme de mises en page, de couleurs, de mat\u00e9riaux et d\u2019accessoires.<\/p>\n\n\n\n<p>Notre engagement envers l\u2019excellence et l\u2019innovation nous am\u00e8nera \u00e9galement \u00e0 participer \u00e0 d\u2019autres salons prestigieux dans les prochains mois, y compris La Napoule Boat Show du 25 au 28&nbsp;avril \u00e0 Mandelieu avec le partenaire Ares Yachting, o\u00f9 seront pr\u00e9sents les trois mod\u00e8les de la gamme Seawalker, le SW 35, SW 39 et SW43, le Dalmatia Boat Show du 18 au 21&nbsp;avril en croate Seget Donji avec le partenaire Navis Marine avec deux SW35, le Ascona Boat Show du 9 au 12&nbsp;mai en Suisse avec le partenaire Nautica Santomauro et enfin l\u2019Internautica, du 16 au 19&nbsp;mai, \u00e0 Portoroz avec le partenaire Veneziana Yachting qui pr\u00e9sentera le SW 35.<\/p>\n\n\n\n<p>Nous sommes impatients de vous accueillir au <strong>Palma International Boat Show<\/strong> et de partager avec vous la beaut\u00e9 et l\u2019excellence de notre flotte Seawalker. On se voit dans l\u2019eau !<\/p>\n","protected":false},"excerpt":{"rendered":"<p>Nous sommes ravis d\u2019annoncer notre retour au Palma International Boat Show, \u00e9v\u00e9nement qui repr\u00e9sente un pilier fondamental dans le panorama nautique espagnol et international. Cette ann\u00e9e, la charmante \u00eele de Palma de Mallorca nous accueillera du 25 au 28\u00a0avril, gr\u00e2ce au soutien de nos pr\u00e9cieux partenaires, Me Yatching et Probrava Group, deux points de r\u00e9f\u00e9rence &hellip; <a href=\"https:\/\/www.fiart.com\/fr\/fiart-en-avril-les-modeles-sw-35-et-sw43-panorama-au-palma-international-boat-show\/\" class=\"more-link\"><\/a><\/p>\n","protected":false},"author":3,"featured_media":3785,"comment_status":"open","ping_status":"open","sticky":true,"template":"","format":"standard","meta":{"footnotes":""},"categories":[51],"tags":[],"class_list":["post-3795","post","type-post","status-publish","format-standard","has-post-thumbnail","hentry","category-des-expositions"],"acf":[],"yoast_head":"<!-- This site is optimized with the Yoast SEO plugin v22.1 - https:\/\/yoast.com\/wordpress\/plugins\/seo\/ -->\n<title>Fiart\u00a0: En avril, les mod\u00e8les SW 35 et SW43 Panorama au Palma International Boat Show<\/title>\n<meta name=\"description\" content=\"Nous sommes impatients de vous accueillir au Palma International Boat Show et de partager avec vous la beaut\u00e9 et l\u2019excellence de notre flotte Seawalker. On se voit dans l\u2019eau !\" \/>\n<meta name=\"robots\" content=\"index, follow, max-snippet:-1, max-image-preview:large, max-video-preview:-1\" \/>\n<link rel=\"canonical\" href=\"https:\/\/www.fiart.com\/fr\/fiart-en-avril-les-modeles-sw-35-et-sw43-panorama-au-palma-international-boat-show\/\" \/>\n<meta property=\"og:locale\" content=\"fr_FR\" \/>\n<meta property=\"og:type\" content=\"article\" \/>\n<meta property=\"og:title\" content=\"Fiart\u00a0: En avril, les mod\u00e8les SW 35 et SW43 Panorama au Palma International Boat Show\" \/>\n<meta property=\"og:description\" content=\"Nous sommes impatients de vous accueillir au Palma International Boat Show et de partager avec vous la beaut\u00e9 et l\u2019excellence de notre flotte Seawalker. On se voit dans l\u2019eau !\" \/>\n<meta property=\"og:url\" content=\"https:\/\/www.fiart.com\/fr\/fiart-en-avril-les-modeles-sw-35-et-sw43-panorama-au-palma-international-boat-show\/\" \/>\n<meta property=\"og:site_name\" content=\"Fiart Mare\" \/>\n<meta property=\"article:publisher\" content=\"https:\/\/www.facebook.com\/fiartmare\" \/>\n<meta property=\"article:published_time\" content=\"2024-04-19T13:51:32+00:00\" \/>\n<meta property=\"article:modified_time\" content=\"2024-04-19T13:51:39+00:00\" \/>\n<meta property=\"og:image\" content=\"https:\/\/www.fiart.com\/wp-content\/uploads\/2024\/04\/SW43P_a.muscatello10.jpg\" \/>\n\t<meta property=\"og:image:width\" content=\"1300\" \/>\n\t<meta property=\"og:image:height\" content=\"867\" \/>\n\t<meta property=\"og:image:type\" content=\"image\/jpeg\" \/>\n<meta name=\"author\" content=\"Giorgia Landolfi\" \/>\n<meta name=\"twitter:card\" content=\"summary_large_image\" \/>\n<meta name=\"twitter:label1\" content=\"\u00c9crit par\" \/>\n\t<meta name=\"twitter:data1\" content=\"Giorgia Landolfi\" \/>\n\t<meta name=\"twitter:label2\" content=\"Dur\u00e9e de lecture estim\u00e9e\" \/>\n\t<meta name=\"twitter:data2\" content=\"3 minutes\" \/>\n<script type=\"application\/ld+json\" class=\"yoast-schema-graph\">{\"@context\":\"https:\/\/schema.org\",\"@graph\":[{\"@type\":\"Article\",\"@id\":\"https:\/\/www.fiart.com\/fr\/fiart-en-avril-les-modeles-sw-35-et-sw43-panorama-au-palma-international-boat-show\/#article\",\"isPartOf\":{\"@id\":\"https:\/\/www.fiart.com\/fr\/fiart-en-avril-les-modeles-sw-35-et-sw43-panorama-au-palma-international-boat-show\/\"},\"author\":{\"name\":\"Giorgia Landolfi\",\"@id\":\"https:\/\/www.fiart.com\/#\/schema\/person\/6e65d6aa29e6a45a56f5ce5b9095e29e\"},\"headline\":\"Fiart\u00a0: En avril, les mod\u00e8les SW 35 et SW43 Panorama au Palma International Boat Show\",\"datePublished\":\"2024-04-19T13:51:32+00:00\",\"dateModified\":\"2024-04-19T13:51:39+00:00\",\"mainEntityOfPage\":{\"@id\":\"https:\/\/www.fiart.com\/fr\/fiart-en-avril-les-modeles-sw-35-et-sw43-panorama-au-palma-international-boat-show\/\"},\"wordCount\":514,\"commentCount\":0,\"publisher\":{\"@id\":\"https:\/\/www.fiart.com\/#organization\"},\"articleSection\":[\"des expositions\"],\"inLanguage\":\"fr-FR\",\"potentialAction\":[{\"@type\":\"CommentAction\",\"name\":\"Comment\",\"target\":[\"https:\/\/www.fiart.com\/fr\/fiart-en-avril-les-modeles-sw-35-et-sw43-panorama-au-palma-international-boat-show\/#respond\"]}]},{\"@type\":\"WebPage\",\"@id\":\"https:\/\/www.fiart.com\/fr\/fiart-en-avril-les-modeles-sw-35-et-sw43-panorama-au-palma-international-boat-show\/\",\"url\":\"https:\/\/www.fiart.com\/fr\/fiart-en-avril-les-modeles-sw-35-et-sw43-panorama-au-palma-international-boat-show\/\",\"name\":\"Fiart\u00a0: En avril, les mod\u00e8les SW 35 et SW43 Panorama au Palma International Boat Show\",\"isPartOf\":{\"@id\":\"https:\/\/www.fiart.com\/#website\"},\"datePublished\":\"2024-04-19T13:51:32+00:00\",\"dateModified\":\"2024-04-19T13:51:39+00:00\",\"description\":\"Nous sommes impatients de vous accueillir au Palma International Boat Show et de partager avec vous la beaut\u00e9 et l\u2019excellence de notre flotte Seawalker. On se voit dans l\u2019eau !\",\"breadcrumb\":{\"@id\":\"https:\/\/www.fiart.com\/fr\/fiart-en-avril-les-modeles-sw-35-et-sw43-panorama-au-palma-international-boat-show\/#breadcrumb\"},\"inLanguage\":\"fr-FR\",\"potentialAction\":[{\"@type\":\"ReadAction\",\"target\":[\"https:\/\/www.fiart.com\/fr\/fiart-en-avril-les-modeles-sw-35-et-sw43-panorama-au-palma-international-boat-show\/\"]}]},{\"@type\":\"BreadcrumbList\",\"@id\":\"https:\/\/www.fiart.com\/fr\/fiart-en-avril-les-modeles-sw-35-et-sw43-panorama-au-palma-international-boat-show\/#breadcrumb\",\"itemListElement\":[{\"@type\":\"ListItem\",\"position\":1,\"name\":\"Home\",\"item\":\"https:\/\/www.fiart.com\/fr\/\"},{\"@type\":\"ListItem\",\"position\":2,\"name\":\"Fiart\u00a0: En avril, les mod\u00e8les SW 35 et SW43 Panorama au Palma International Boat Show\"}]},{\"@type\":\"WebSite\",\"@id\":\"https:\/\/www.fiart.com\/#website\",\"url\":\"https:\/\/www.fiart.com\/\",\"name\":\"Fiart Mare\",\"description\":\"\",\"publisher\":{\"@id\":\"https:\/\/www.fiart.com\/#organization\"},\"potentialAction\":[{\"@type\":\"SearchAction\",\"target\":{\"@type\":\"EntryPoint\",\"urlTemplate\":\"https:\/\/www.fiart.com\/?s={search_term_string}\"},\"query-input\":\"required name=search_term_string\"}],\"inLanguage\":\"fr-FR\"},{\"@type\":\"Organization\",\"@id\":\"https:\/\/www.fiart.com\/#organization\",\"name\":\"Fiart Mare\",\"url\":\"https:\/\/www.fiart.com\/\",\"logo\":{\"@type\":\"ImageObject\",\"inLanguage\":\"fr-FR\",\"@id\":\"https:\/\/www.fiart.com\/#\/schema\/logo\/image\/\",\"url\":\"https:\/\/www.fiart.com\/wp-content\/uploads\/2022\/09\/logo-fiart.png\",\"contentUrl\":\"https:\/\/www.fiart.com\/wp-content\/uploads\/2022\/09\/logo-fiart.png\",\"width\":233,\"height\":36,\"caption\":\"Fiart Mare\"},\"image\":{\"@id\":\"https:\/\/www.fiart.com\/#\/schema\/logo\/image\/\"},\"sameAs\":[\"https:\/\/www.facebook.com\/fiartmare\",\"https:\/\/www.instagram.com\/fiartmare\/\",\"https:\/\/www.linkedin.com\/company\/fiart-spa\/\",\"https:\/\/www.youtube.com\/channel\/UCD5FCXKqq1l4CZfs9dELKZQ\"]},{\"@type\":\"Person\",\"@id\":\"https:\/\/www.fiart.com\/#\/schema\/person\/6e65d6aa29e6a45a56f5ce5b9095e29e\",\"name\":\"Giorgia Landolfi\",\"image\":{\"@type\":\"ImageObject\",\"inLanguage\":\"fr-FR\",\"@id\":\"https:\/\/www.fiart.com\/#\/schema\/person\/image\/\",\"url\":\"https:\/\/secure.gravatar.com\/avatar\/972851f825908035834cdf2667da442ad1e8154cbb4ae8863da699b6d78c6c6d?s=96&d=mm&r=g\",\"contentUrl\":\"https:\/\/secure.gravatar.com\/avatar\/972851f825908035834cdf2667da442ad1e8154cbb4ae8863da699b6d78c6c6d?s=96&d=mm&r=g\",\"caption\":\"Giorgia Landolfi\"},\"url\":\"https:\/\/www.fiart.com\/fr\/author\/giorgia\/\"}]}<\/script>\n<!-- \/ Yoast SEO plugin. -->","yoast_head_json":{"title":"Fiart\u00a0: En avril, les mod\u00e8les SW 35 et SW43 Panorama au Palma International Boat Show","description":"Nous sommes impatients de vous accueillir au Palma International Boat Show et de partager avec vous la beaut\u00e9 et l\u2019excellence de notre flotte Seawalker. On se voit dans l\u2019eau !","robots":{"index":"index","follow":"follow","max-snippet":"max-snippet:-1","max-image-preview":"max-image-preview:large","max-video-preview":"max-video-preview:-1"},"canonical":"https:\/\/www.fiart.com\/fr\/fiart-en-avril-les-modeles-sw-35-et-sw43-panorama-au-palma-international-boat-show\/","og_locale":"fr_FR","og_type":"article","og_title":"Fiart\u00a0: En avril, les mod\u00e8les SW 35 et SW43 Panorama au Palma International Boat Show","og_description":"Nous sommes impatients de vous accueillir au Palma International Boat Show et de partager avec vous la beaut\u00e9 et l\u2019excellence de notre flotte Seawalker. On se voit dans l\u2019eau !","og_url":"https:\/\/www.fiart.com\/fr\/fiart-en-avril-les-modeles-sw-35-et-sw43-panorama-au-palma-international-boat-show\/","og_site_name":"Fiart Mare","article_publisher":"https:\/\/www.facebook.com\/fiartmare","article_published_time":"2024-04-19T13:51:32+00:00","article_modified_time":"2024-04-19T13:51:39+00:00","og_image":[{"width":1300,"height":867,"url":"https:\/\/www.fiart.com\/wp-content\/uploads\/2024\/04\/SW43P_a.muscatello10.jpg","type":"image\/jpeg"}],"author":"Giorgia Landolfi","twitter_card":"summary_large_image","twitter_misc":{"\u00c9crit par":"Giorgia Landolfi","Dur\u00e9e de lecture estim\u00e9e":"3 minutes"},"schema":{"@context":"https:\/\/schema.org","@graph":[{"@type":"Article","@id":"https:\/\/www.fiart.com\/fr\/fiart-en-avril-les-modeles-sw-35-et-sw43-panorama-au-palma-international-boat-show\/#article","isPartOf":{"@id":"https:\/\/www.fiart.com\/fr\/fiart-en-avril-les-modeles-sw-35-et-sw43-panorama-au-palma-international-boat-show\/"},"author":{"name":"Giorgia Landolfi","@id":"https:\/\/www.fiart.com\/#\/schema\/person\/6e65d6aa29e6a45a56f5ce5b9095e29e"},"headline":"Fiart\u00a0: En avril, les mod\u00e8les SW 35 et SW43 Panorama au Palma International Boat Show","datePublished":"2024-04-19T13:51:32+00:00","dateModified":"2024-04-19T13:51:39+00:00","mainEntityOfPage":{"@id":"https:\/\/www.fiart.com\/fr\/fiart-en-avril-les-modeles-sw-35-et-sw43-panorama-au-palma-international-boat-show\/"},"wordCount":514,"commentCount":0,"publisher":{"@id":"https:\/\/www.fiart.com\/#organization"},"articleSection":["des expositions"],"inLanguage":"fr-FR","potentialAction":[{"@type":"CommentAction","name":"Comment","target":["https:\/\/www.fiart.com\/fr\/fiart-en-avril-les-modeles-sw-35-et-sw43-panorama-au-palma-international-boat-show\/#respond"]}]},{"@type":"WebPage","@id":"https:\/\/www.fiart.com\/fr\/fiart-en-avril-les-modeles-sw-35-et-sw43-panorama-au-palma-international-boat-show\/","url":"https:\/\/www.fiart.com\/fr\/fiart-en-avril-les-modeles-sw-35-et-sw43-panorama-au-palma-international-boat-show\/","name":"Fiart\u00a0: En avril, les mod\u00e8les SW 35 et SW43 Panorama au Palma International Boat Show","isPartOf":{"@id":"https:\/\/www.fiart.com\/#website"},"datePublished":"2024-04-19T13:51:32+00:00","dateModified":"2024-04-19T13:51:39+00:00","description":"Nous sommes impatients de vous accueillir au Palma International Boat Show et de partager avec vous la beaut\u00e9 et l\u2019excellence de notre flotte Seawalker. On se voit dans l\u2019eau !","breadcrumb":{"@id":"https:\/\/www.fiart.com\/fr\/fiart-en-avril-les-modeles-sw-35-et-sw43-panorama-au-palma-international-boat-show\/#breadcrumb"},"inLanguage":"fr-FR","potentialAction":[{"@type":"ReadAction","target":["https:\/\/www.fiart.com\/fr\/fiart-en-avril-les-modeles-sw-35-et-sw43-panorama-au-palma-international-boat-show\/"]}]},{"@type":"BreadcrumbList","@id":"https:\/\/www.fiart.com\/fr\/fiart-en-avril-les-modeles-sw-35-et-sw43-panorama-au-palma-international-boat-show\/#breadcrumb","itemListElement":[{"@type":"ListItem","position":1,"name":"Home","item":"https:\/\/www.fiart.com\/fr\/"},{"@type":"ListItem","position":2,"name":"Fiart\u00a0: En avril, les mod\u00e8les SW 35 et SW43 Panorama au Palma International Boat Show"}]},{"@type":"WebSite","@id":"https:\/\/www.fiart.com\/#website","url":"https:\/\/www.fiart.com\/","name":"Fiart Mare","description":"","publisher":{"@id":"https:\/\/www.fiart.com\/#organization"},"potentialAction":[{"@type":"SearchAction","target":{"@type":"EntryPoint","urlTemplate":"https:\/\/www.fiart.com\/?s={search_term_string}"},"query-input":"required name=search_term_string"}],"inLanguage":"fr-FR"},{"@type":"Organization","@id":"https:\/\/www.fiart.com\/#organization","name":"Fiart Mare","url":"https:\/\/www.fiart.com\/","logo":{"@type":"ImageObject","inLanguage":"fr-FR","@id":"https:\/\/www.fiart.com\/#\/schema\/logo\/image\/","url":"https:\/\/www.fiart.com\/wp-content\/uploads\/2022\/09\/logo-fiart.png","contentUrl":"https:\/\/www.fiart.com\/wp-content\/uploads\/2022\/09\/logo-fiart.png","width":233,"height":36,"caption":"Fiart Mare"},"image":{"@id":"https:\/\/www.fiart.com\/#\/schema\/logo\/image\/"},"sameAs":["https:\/\/www.facebook.com\/fiartmare","https:\/\/www.instagram.com\/fiartmare\/","https:\/\/www.linkedin.com\/company\/fiart-spa\/","https:\/\/www.youtube.com\/channel\/UCD5FCXKqq1l4CZfs9dELKZQ"]},{"@type":"Person","@id":"https:\/\/www.fiart.com\/#\/schema\/person\/6e65d6aa29e6a45a56f5ce5b9095e29e","name":"Giorgia Landolfi","image":{"@type":"ImageObject","inLanguage":"fr-FR","@id":"https:\/\/www.fiart.com\/#\/schema\/person\/image\/","url":"https:\/\/secure.gravatar.com\/avatar\/972851f825908035834cdf2667da442ad1e8154cbb4ae8863da699b6d78c6c6d?s=96&d=mm&r=g","contentUrl":"https:\/\/secure.gravatar.com\/avatar\/972851f825908035834cdf2667da442ad1e8154cbb4ae8863da699b6d78c6c6d?s=96&d=mm&r=g","caption":"Giorgia Landolfi"},"url":"https:\/\/www.fiart.com\/fr\/author\/giorgia\/"}]}},"_links":{"self":[{"href":"https:\/\/www.fiart.com\/fr\/wp-json\/wp\/v2\/posts\/3795","targetHints":{"allow":["GET"]}}],"collection":[{"href":"https:\/\/www.fiart.com\/fr\/wp-json\/wp\/v2\/posts"}],"about":[{"href":"https:\/\/www.fiart.com\/fr\/wp-json\/wp\/v2\/types\/post"}],"author":[{"embeddable":true,"href":"https:\/\/www.fiart.com\/fr\/wp-json\/wp\/v2\/users\/3"}],"replies":[{"embeddable":true,"href":"https:\/\/www.fiart.com\/fr\/wp-json\/wp\/v2\/comments?post=3795"}],"version-history":[{"count":1,"href":"https:\/\/www.fiart.com\/fr\/wp-json\/wp\/v2\/posts\/3795\/revisions"}],"predecessor-version":[{"id":3799,"href":"https:\/\/www.fiart.com\/fr\/wp-json\/wp\/v2\/posts\/3795\/revisions\/3799"}],"wp:featuredmedia":[{"embeddable":true,"href":"https:\/\/www.fiart.com\/fr\/wp-json\/wp\/v2\/media\/3785"}],"wp:attachment":[{"href":"https:\/\/www.fiart.com\/fr\/wp-json\/wp\/v2\/media?parent=3795"}],"wp:term":[{"taxonomy":"category","embeddable":true,"href":"https:\/\/www.fiart.com\/fr\/wp-json\/wp\/v2\/categories?post=3795"},{"taxonomy":"post_tag","embeddable":true,"href":"https:\/\/www.fiart.com\/fr\/wp-json\/wp\/v2\/tags?post=3795"}],"curies":[{"name":"wp","href":"https:\/\/api.w.org\/{rel}","templated":true}]}}