{"id":3644,"date":"2023-12-04T13:32:17","date_gmt":"2023-12-04T13:32:17","guid":{"rendered":"https:\/\/www.fiart.com\/?p=3644"},"modified":"2023-12-04T13:32:24","modified_gmt":"2023-12-04T13:32:24","slug":"fiart-a-la-37eme-edition-du-salon-nautique-de-naples-navigation","status":"publish","type":"post","link":"https:\/\/www.fiart.com\/fr\/fiart-a-la-37eme-edition-du-salon-nautique-de-naples-navigation\/","title":{"rendered":"Fiart \u00e0 la 37\u00e8me \u00e9dition du Salon Nautique de Naples &#8211; Navigation\u00a0\u00a0"},"content":{"rendered":"\n<p>Fiart a illumin\u00e9 le Salon Nautique International de Naples, qui s\u2019est tenu du 18 au 26 novembre 2023, avec les mod\u00e8les Seawalker 35 et Seawalker 39.&nbsp;&nbsp;&nbsp;<\/p>\n\n\n\n<p>Le Salon Nautique de Naples, dans le cadre splendide de Molo Luise, a repr\u00e9sent\u00e9 une occasion fantastique pour exposer la vision innovante et l\u2019artisanat distinctif de Fiart, dans la ville qui lui est la plus ch\u00e8re.&nbsp;&nbsp;<\/p>\n\n\n\n<p>Les mod\u00e8les Seawalker 35 et Seawalker 39 ont attir\u00e9 l\u2019attention des passionn\u00e9s du secteur, offrant une exp\u00e9rience de navigation in\u00e9gal\u00e9e lors des essais.&nbsp;&nbsp;<\/p>\n\n\n\n<p>Le <a href=\"https:\/\/www.fiart.com\/fr\/fiart-seawalker-35\/\">Seawalker 35<\/a>, avec son design \u00e9l\u00e9gant et ses performances exceptionnelles, a \u00e9t\u00e9 expos\u00e9 en version Bespoke et full equipped, avec des faucilles rabattables, plate-forme up &amp; down une magnifique coque peinte en Midnight Anthracite Blue. Technologie de pointe et confort sans compromis.\u00a0\u00a0<\/p>\n\n\n\n<p>La <a href=\"https:\/\/www.fiart.com\/fr\/fiart-seawalker-39\/\">Seawalker 39<\/a> s\u2019est av\u00e9r\u00e9e \u00eatre la combinaison parfaite entre luxe, espace et innovation. Sa polyvalence dans l\u2019offre d\u2019exp\u00e9riences de navigation personnalis\u00e9es a fascin\u00e9 les propri\u00e9taires \u00e0 la recherche de performances sup\u00e9rieures et d\u2019un design raffin\u00e9.\u00a0\u00a0\u00a0<\/p>\n\n\n\n<p>Nous vous attendons pour les salons 2024!&nbsp;&nbsp;&nbsp;<\/p>\n\n\n\n<p>Stay tuned !&nbsp;<\/p>\n","protected":false},"excerpt":{"rendered":"<p>Fiart a illumin\u00e9 le Salon Nautique International de Naples, qui s\u2019est tenu du 18 au 26 novembre 2023, avec les mod\u00e8les Seawalker 35 et Seawalker 39.&nbsp;&nbsp;&nbsp; Le Salon Nautique de Naples, dans le cadre splendide de Molo Luise, a repr\u00e9sent\u00e9 une occasion fantastique pour exposer la vision innovante et l\u2019artisanat distinctif de Fiart, dans la &hellip; <a href=\"https:\/\/www.fiart.com\/fr\/fiart-a-la-37eme-edition-du-salon-nautique-de-naples-navigation\/\" class=\"more-link\"><\/a><\/p>\n","protected":false},"author":3,"featured_media":3642,"comment_status":"open","ping_status":"open","sticky":true,"template":"","format":"standard","meta":{"footnotes":""},"categories":[51],"tags":[],"class_list":["post-3644","post","type-post","status-publish","format-standard","has-post-thumbnail","hentry","category-des-expositions"],"acf":[],"yoast_head":"<!-- This site is optimized with the Yoast SEO plugin v22.1 - https:\/\/yoast.com\/wordpress\/plugins\/seo\/ -->\n<title>Fiart \u00e0 la 37\u00e8me \u00e9dition du Salon Nautique de Naples - Navigation\u00a0\u00a0 - Fiart Mare<\/title>\n<meta name=\"description\" content=\"Fiart a le Salon Nautique International de Naples, qui s\u2019est tenu du 18 au 26 novembre 2023, avec les mod\u00e8les Seawalker 35 et Seawalker 39.\" \/>\n<meta name=\"robots\" content=\"index, follow, max-snippet:-1, max-image-preview:large, max-video-preview:-1\" \/>\n<link rel=\"canonical\" href=\"https:\/\/www.fiart.com\/fr\/fiart-a-la-37eme-edition-du-salon-nautique-de-naples-navigation\/\" \/>\n<meta property=\"og:locale\" content=\"fr_FR\" \/>\n<meta property=\"og:type\" content=\"article\" \/>\n<meta property=\"og:title\" content=\"Fiart \u00e0 la 37\u00e8me \u00e9dition du Salon Nautique de Naples - Navigation\u00a0\u00a0 - Fiart Mare\" \/>\n<meta property=\"og:description\" content=\"Fiart a le Salon Nautique International de Naples, qui s\u2019est tenu du 18 au 26 novembre 2023, avec les mod\u00e8les Seawalker 35 et Seawalker 39.\" \/>\n<meta property=\"og:url\" content=\"https:\/\/www.fiart.com\/fr\/fiart-a-la-37eme-edition-du-salon-nautique-de-naples-navigation\/\" \/>\n<meta property=\"og:site_name\" content=\"Fiart Mare\" \/>\n<meta property=\"article:publisher\" content=\"https:\/\/www.facebook.com\/fiartmare\" \/>\n<meta property=\"article:published_time\" content=\"2023-12-04T13:32:17+00:00\" \/>\n<meta property=\"article:modified_time\" content=\"2023-12-04T13:32:24+00:00\" \/>\n<meta property=\"og:image\" content=\"https:\/\/www.fiart.com\/wp-content\/uploads\/2023\/12\/fiart-al-salone-di-napoli-2023-scaled.jpg\" \/>\n\t<meta property=\"og:image:width\" content=\"1920\" \/>\n\t<meta property=\"og:image:height\" content=\"2560\" \/>\n\t<meta property=\"og:image:type\" content=\"image\/jpeg\" \/>\n<meta name=\"author\" content=\"Giorgia Landolfi\" \/>\n<meta name=\"twitter:card\" content=\"summary_large_image\" \/>\n<meta name=\"twitter:label1\" content=\"\u00c9crit par\" \/>\n\t<meta name=\"twitter:data1\" content=\"Giorgia Landolfi\" \/>\n\t<meta name=\"twitter:label2\" content=\"Dur\u00e9e de lecture estim\u00e9e\" \/>\n\t<meta name=\"twitter:data2\" content=\"1 minute\" \/>\n<script type=\"application\/ld+json\" class=\"yoast-schema-graph\">{\"@context\":\"https:\/\/schema.org\",\"@graph\":[{\"@type\":\"Article\",\"@id\":\"https:\/\/www.fiart.com\/fr\/fiart-a-la-37eme-edition-du-salon-nautique-de-naples-navigation\/#article\",\"isPartOf\":{\"@id\":\"https:\/\/www.fiart.com\/fr\/fiart-a-la-37eme-edition-du-salon-nautique-de-naples-navigation\/\"},\"author\":{\"name\":\"Giorgia Landolfi\",\"@id\":\"https:\/\/www.fiart.com\/#\/schema\/person\/6e65d6aa29e6a45a56f5ce5b9095e29e\"},\"headline\":\"Fiart \u00e0 la 37\u00e8me \u00e9dition du Salon Nautique de Naples &#8211; Navigation\u00a0\u00a0\",\"datePublished\":\"2023-12-04T13:32:17+00:00\",\"dateModified\":\"2023-12-04T13:32:24+00:00\",\"mainEntityOfPage\":{\"@id\":\"https:\/\/www.fiart.com\/fr\/fiart-a-la-37eme-edition-du-salon-nautique-de-naples-navigation\/\"},\"wordCount\":206,\"commentCount\":0,\"publisher\":{\"@id\":\"https:\/\/www.fiart.com\/#organization\"},\"articleSection\":[\"des expositions\"],\"inLanguage\":\"fr-FR\",\"potentialAction\":[{\"@type\":\"CommentAction\",\"name\":\"Comment\",\"target\":[\"https:\/\/www.fiart.com\/fr\/fiart-a-la-37eme-edition-du-salon-nautique-de-naples-navigation\/#respond\"]}]},{\"@type\":\"WebPage\",\"@id\":\"https:\/\/www.fiart.com\/fr\/fiart-a-la-37eme-edition-du-salon-nautique-de-naples-navigation\/\",\"url\":\"https:\/\/www.fiart.com\/fr\/fiart-a-la-37eme-edition-du-salon-nautique-de-naples-navigation\/\",\"name\":\"Fiart \u00e0 la 37\u00e8me \u00e9dition du Salon Nautique de Naples - Navigation\u00a0\u00a0 - Fiart Mare\",\"isPartOf\":{\"@id\":\"https:\/\/www.fiart.com\/#website\"},\"datePublished\":\"2023-12-04T13:32:17+00:00\",\"dateModified\":\"2023-12-04T13:32:24+00:00\",\"description\":\"Fiart a le Salon Nautique International de Naples, qui s\u2019est tenu du 18 au 26 novembre 2023, avec les mod\u00e8les Seawalker 35 et Seawalker 39.\",\"breadcrumb\":{\"@id\":\"https:\/\/www.fiart.com\/fr\/fiart-a-la-37eme-edition-du-salon-nautique-de-naples-navigation\/#breadcrumb\"},\"inLanguage\":\"fr-FR\",\"potentialAction\":[{\"@type\":\"ReadAction\",\"target\":[\"https:\/\/www.fiart.com\/fr\/fiart-a-la-37eme-edition-du-salon-nautique-de-naples-navigation\/\"]}]},{\"@type\":\"BreadcrumbList\",\"@id\":\"https:\/\/www.fiart.com\/fr\/fiart-a-la-37eme-edition-du-salon-nautique-de-naples-navigation\/#breadcrumb\",\"itemListElement\":[{\"@type\":\"ListItem\",\"position\":1,\"name\":\"Home\",\"item\":\"https:\/\/www.fiart.com\/fr\/\"},{\"@type\":\"ListItem\",\"position\":2,\"name\":\"Fiart \u00e0 la 37\u00e8me \u00e9dition du Salon Nautique de Naples &#8211; Navigation\u00a0\u00a0\"}]},{\"@type\":\"WebSite\",\"@id\":\"https:\/\/www.fiart.com\/#website\",\"url\":\"https:\/\/www.fiart.com\/\",\"name\":\"Fiart Mare\",\"description\":\"\",\"publisher\":{\"@id\":\"https:\/\/www.fiart.com\/#organization\"},\"potentialAction\":[{\"@type\":\"SearchAction\",\"target\":{\"@type\":\"EntryPoint\",\"urlTemplate\":\"https:\/\/www.fiart.com\/?s={search_term_string}\"},\"query-input\":\"required name=search_term_string\"}],\"inLanguage\":\"fr-FR\"},{\"@type\":\"Organization\",\"@id\":\"https:\/\/www.fiart.com\/#organization\",\"name\":\"Fiart Mare\",\"url\":\"https:\/\/www.fiart.com\/\",\"logo\":{\"@type\":\"ImageObject\",\"inLanguage\":\"fr-FR\",\"@id\":\"https:\/\/www.fiart.com\/#\/schema\/logo\/image\/\",\"url\":\"https:\/\/www.fiart.com\/wp-content\/uploads\/2022\/09\/logo-fiart.png\",\"contentUrl\":\"https:\/\/www.fiart.com\/wp-content\/uploads\/2022\/09\/logo-fiart.png\",\"width\":233,\"height\":36,\"caption\":\"Fiart Mare\"},\"image\":{\"@id\":\"https:\/\/www.fiart.com\/#\/schema\/logo\/image\/\"},\"sameAs\":[\"https:\/\/www.facebook.com\/fiartmare\",\"https:\/\/www.instagram.com\/fiartmare\/\",\"https:\/\/www.linkedin.com\/company\/fiart-spa\/\",\"https:\/\/www.youtube.com\/channel\/UCD5FCXKqq1l4CZfs9dELKZQ\"]},{\"@type\":\"Person\",\"@id\":\"https:\/\/www.fiart.com\/#\/schema\/person\/6e65d6aa29e6a45a56f5ce5b9095e29e\",\"name\":\"Giorgia Landolfi\",\"image\":{\"@type\":\"ImageObject\",\"inLanguage\":\"fr-FR\",\"@id\":\"https:\/\/www.fiart.com\/#\/schema\/person\/image\/\",\"url\":\"https:\/\/secure.gravatar.com\/avatar\/972851f825908035834cdf2667da442ad1e8154cbb4ae8863da699b6d78c6c6d?s=96&d=mm&r=g\",\"contentUrl\":\"https:\/\/secure.gravatar.com\/avatar\/972851f825908035834cdf2667da442ad1e8154cbb4ae8863da699b6d78c6c6d?s=96&d=mm&r=g\",\"caption\":\"Giorgia Landolfi\"},\"url\":\"https:\/\/www.fiart.com\/fr\/author\/giorgia\/\"}]}<\/script>\n<!-- \/ Yoast SEO plugin. -->","yoast_head_json":{"title":"Fiart \u00e0 la 37\u00e8me \u00e9dition du Salon Nautique de Naples - Navigation\u00a0\u00a0 - Fiart Mare","description":"Fiart a le Salon Nautique International de Naples, qui s\u2019est tenu du 18 au 26 novembre 2023, avec les mod\u00e8les Seawalker 35 et Seawalker 39.","robots":{"index":"index","follow":"follow","max-snippet":"max-snippet:-1","max-image-preview":"max-image-preview:large","max-video-preview":"max-video-preview:-1"},"canonical":"https:\/\/www.fiart.com\/fr\/fiart-a-la-37eme-edition-du-salon-nautique-de-naples-navigation\/","og_locale":"fr_FR","og_type":"article","og_title":"Fiart \u00e0 la 37\u00e8me \u00e9dition du Salon Nautique de Naples - Navigation\u00a0\u00a0 - Fiart Mare","og_description":"Fiart a le Salon Nautique International de Naples, qui s\u2019est tenu du 18 au 26 novembre 2023, avec les mod\u00e8les Seawalker 35 et Seawalker 39.","og_url":"https:\/\/www.fiart.com\/fr\/fiart-a-la-37eme-edition-du-salon-nautique-de-naples-navigation\/","og_site_name":"Fiart Mare","article_publisher":"https:\/\/www.facebook.com\/fiartmare","article_published_time":"2023-12-04T13:32:17+00:00","article_modified_time":"2023-12-04T13:32:24+00:00","og_image":[{"width":1920,"height":2560,"url":"https:\/\/www.fiart.com\/wp-content\/uploads\/2023\/12\/fiart-al-salone-di-napoli-2023-scaled.jpg","type":"image\/jpeg"}],"author":"Giorgia Landolfi","twitter_card":"summary_large_image","twitter_misc":{"\u00c9crit par":"Giorgia Landolfi","Dur\u00e9e de lecture estim\u00e9e":"1 minute"},"schema":{"@context":"https:\/\/schema.org","@graph":[{"@type":"Article","@id":"https:\/\/www.fiart.com\/fr\/fiart-a-la-37eme-edition-du-salon-nautique-de-naples-navigation\/#article","isPartOf":{"@id":"https:\/\/www.fiart.com\/fr\/fiart-a-la-37eme-edition-du-salon-nautique-de-naples-navigation\/"},"author":{"name":"Giorgia Landolfi","@id":"https:\/\/www.fiart.com\/#\/schema\/person\/6e65d6aa29e6a45a56f5ce5b9095e29e"},"headline":"Fiart \u00e0 la 37\u00e8me \u00e9dition du Salon Nautique de Naples &#8211; Navigation\u00a0\u00a0","datePublished":"2023-12-04T13:32:17+00:00","dateModified":"2023-12-04T13:32:24+00:00","mainEntityOfPage":{"@id":"https:\/\/www.fiart.com\/fr\/fiart-a-la-37eme-edition-du-salon-nautique-de-naples-navigation\/"},"wordCount":206,"commentCount":0,"publisher":{"@id":"https:\/\/www.fiart.com\/#organization"},"articleSection":["des expositions"],"inLanguage":"fr-FR","potentialAction":[{"@type":"CommentAction","name":"Comment","target":["https:\/\/www.fiart.com\/fr\/fiart-a-la-37eme-edition-du-salon-nautique-de-naples-navigation\/#respond"]}]},{"@type":"WebPage","@id":"https:\/\/www.fiart.com\/fr\/fiart-a-la-37eme-edition-du-salon-nautique-de-naples-navigation\/","url":"https:\/\/www.fiart.com\/fr\/fiart-a-la-37eme-edition-du-salon-nautique-de-naples-navigation\/","name":"Fiart \u00e0 la 37\u00e8me \u00e9dition du Salon Nautique de Naples - Navigation\u00a0\u00a0 - Fiart Mare","isPartOf":{"@id":"https:\/\/www.fiart.com\/#website"},"datePublished":"2023-12-04T13:32:17+00:00","dateModified":"2023-12-04T13:32:24+00:00","description":"Fiart a le Salon Nautique International de Naples, qui s\u2019est tenu du 18 au 26 novembre 2023, avec les mod\u00e8les Seawalker 35 et Seawalker 39.","breadcrumb":{"@id":"https:\/\/www.fiart.com\/fr\/fiart-a-la-37eme-edition-du-salon-nautique-de-naples-navigation\/#breadcrumb"},"inLanguage":"fr-FR","potentialAction":[{"@type":"ReadAction","target":["https:\/\/www.fiart.com\/fr\/fiart-a-la-37eme-edition-du-salon-nautique-de-naples-navigation\/"]}]},{"@type":"BreadcrumbList","@id":"https:\/\/www.fiart.com\/fr\/fiart-a-la-37eme-edition-du-salon-nautique-de-naples-navigation\/#breadcrumb","itemListElement":[{"@type":"ListItem","position":1,"name":"Home","item":"https:\/\/www.fiart.com\/fr\/"},{"@type":"ListItem","position":2,"name":"Fiart \u00e0 la 37\u00e8me \u00e9dition du Salon Nautique de Naples &#8211; Navigation\u00a0\u00a0"}]},{"@type":"WebSite","@id":"https:\/\/www.fiart.com\/#website","url":"https:\/\/www.fiart.com\/","name":"Fiart Mare","description":"","publisher":{"@id":"https:\/\/www.fiart.com\/#organization"},"potentialAction":[{"@type":"SearchAction","target":{"@type":"EntryPoint","urlTemplate":"https:\/\/www.fiart.com\/?s={search_term_string}"},"query-input":"required name=search_term_string"}],"inLanguage":"fr-FR"},{"@type":"Organization","@id":"https:\/\/www.fiart.com\/#organization","name":"Fiart Mare","url":"https:\/\/www.fiart.com\/","logo":{"@type":"ImageObject","inLanguage":"fr-FR","@id":"https:\/\/www.fiart.com\/#\/schema\/logo\/image\/","url":"https:\/\/www.fiart.com\/wp-content\/uploads\/2022\/09\/logo-fiart.png","contentUrl":"https:\/\/www.fiart.com\/wp-content\/uploads\/2022\/09\/logo-fiart.png","width":233,"height":36,"caption":"Fiart Mare"},"image":{"@id":"https:\/\/www.fiart.com\/#\/schema\/logo\/image\/"},"sameAs":["https:\/\/www.facebook.com\/fiartmare","https:\/\/www.instagram.com\/fiartmare\/","https:\/\/www.linkedin.com\/company\/fiart-spa\/","https:\/\/www.youtube.com\/channel\/UCD5FCXKqq1l4CZfs9dELKZQ"]},{"@type":"Person","@id":"https:\/\/www.fiart.com\/#\/schema\/person\/6e65d6aa29e6a45a56f5ce5b9095e29e","name":"Giorgia Landolfi","image":{"@type":"ImageObject","inLanguage":"fr-FR","@id":"https:\/\/www.fiart.com\/#\/schema\/person\/image\/","url":"https:\/\/secure.gravatar.com\/avatar\/972851f825908035834cdf2667da442ad1e8154cbb4ae8863da699b6d78c6c6d?s=96&d=mm&r=g","contentUrl":"https:\/\/secure.gravatar.com\/avatar\/972851f825908035834cdf2667da442ad1e8154cbb4ae8863da699b6d78c6c6d?s=96&d=mm&r=g","caption":"Giorgia Landolfi"},"url":"https:\/\/www.fiart.com\/fr\/author\/giorgia\/"}]}},"_links":{"self":[{"href":"https:\/\/www.fiart.com\/fr\/wp-json\/wp\/v2\/posts\/3644","targetHints":{"allow":["GET"]}}],"collection":[{"href":"https:\/\/www.fiart.com\/fr\/wp-json\/wp\/v2\/posts"}],"about":[{"href":"https:\/\/www.fiart.com\/fr\/wp-json\/wp\/v2\/types\/post"}],"author":[{"embeddable":true,"href":"https:\/\/www.fiart.com\/fr\/wp-json\/wp\/v2\/users\/3"}],"replies":[{"embeddable":true,"href":"https:\/\/www.fiart.com\/fr\/wp-json\/wp\/v2\/comments?post=3644"}],"version-history":[{"count":1,"href":"https:\/\/www.fiart.com\/fr\/wp-json\/wp\/v2\/posts\/3644\/revisions"}],"predecessor-version":[{"id":3645,"href":"https:\/\/www.fiart.com\/fr\/wp-json\/wp\/v2\/posts\/3644\/revisions\/3645"}],"wp:featuredmedia":[{"embeddable":true,"href":"https:\/\/www.fiart.com\/fr\/wp-json\/wp\/v2\/media\/3642"}],"wp:attachment":[{"href":"https:\/\/www.fiart.com\/fr\/wp-json\/wp\/v2\/media?parent=3644"}],"wp:term":[{"taxonomy":"category","embeddable":true,"href":"https:\/\/www.fiart.com\/fr\/wp-json\/wp\/v2\/categories?post=3644"},{"taxonomy":"post_tag","embeddable":true,"href":"https:\/\/www.fiart.com\/fr\/wp-json\/wp\/v2\/tags?post=3644"}],"curies":[{"name":"wp","href":"https:\/\/api.w.org\/{rel}","templated":true}]}}