{"id":3625,"date":"2023-10-10T14:44:31","date_gmt":"2023-10-10T14:44:31","guid":{"rendered":"https:\/\/www.fiart.com\/?p=3625"},"modified":"2023-10-27T12:04:21","modified_gmt":"2023-10-27T12:04:21","slug":"fiart-au-salon-nautique-des-pouilles-2023","status":"publish","type":"post","link":"https:\/\/www.fiart.com\/fr\/fiart-au-salon-nautique-des-pouilles-2023\/","title":{"rendered":"Fiart au salon nautique des Pouilles 2023\u00a0\u00a0"},"content":{"rendered":"\n<p>Le salon nautique des Pouilles, \u00e9galement connu sous le nom de SNIM, est un \u00e9v\u00e9nement \u00e0 couper le souffle qui capture l\u2019essence de la vie en mer.&nbsp;&nbsp;&nbsp;<\/p>\n\n\n\n<p>Du 11 au 15 octobre, Fiart vous attend dans la magnifique marina de Brindisi, avec le concessionnaire des Pouilles MVB YACHT, pour exposer les plus grands et les plus petits de la gamme Seawalker, le Seawalker 35 et le Seawalker 43.&nbsp;&nbsp;<\/p>\n\n\n\n<h2 class=\"wp-block-heading\">Seawalker 43 : L\u2019ic\u00f4ne de l\u2019\u00c9l\u00e9gance et de la Puissance&nbsp;&nbsp;<\/h2>\n\n\n\n<p>Si vous recherchez une exp\u00e9rience de luxe sans compromis, le Seawalker 43 est fait pour vous. Ce mod\u00e8le est une d\u00e9claration de style et de puissance. Avec une longueur de 13,20 m\u00e8tres, la Seawalker 43 est l\u2019un des joyaux de la flotte Fiart et l\u2019un des plus admir\u00e9s pour son design innovant et la qualit\u00e9 des mat\u00e9riaux utilis\u00e9s.&nbsp;&nbsp;<\/p>\n\n\n\n<p>Le SNIM &#8211; Salon nautique des Pouilles a confirm\u00e9 son statut d\u2019\u00e9v\u00e9nement maritime de premier plan dans la r\u00e9gion, attirant une vari\u00e9t\u00e9 de participants, des amateurs de bateaux aux professionnels du secteur. La marina de Brindisi a fourni le cadre id\u00e9al pour pr\u00e9senter nos mod\u00e8les phares, avec ses eaux cristallines et un cadre qui a rendu l\u2019\u00e9v\u00e9nement encore plus m\u00e9morable.&nbsp;&nbsp;<\/p>\n\n\n\n<p>Il ne nous reste plus qu\u2019\u00e0 vous inviter au prochain rendez-vous, au Salon Nautique de Salerne, du 1er au 5 novembre.&nbsp;&nbsp;<\/p>\n","protected":false},"excerpt":{"rendered":"<p>Le salon nautique des Pouilles, \u00e9galement connu sous le nom de SNIM, est un \u00e9v\u00e9nement \u00e0 couper le souffle qui capture l\u2019essence de la vie en mer.&nbsp;&nbsp;&nbsp; Du 11 au 15 octobre, Fiart vous attend dans la magnifique marina de Brindisi, avec le concessionnaire des Pouilles MVB YACHT, pour exposer les plus grands et les &hellip; <a href=\"https:\/\/www.fiart.com\/fr\/fiart-au-salon-nautique-des-pouilles-2023\/\" class=\"more-link\"><\/a><\/p>\n","protected":false},"author":3,"featured_media":3620,"comment_status":"closed","ping_status":"closed","sticky":true,"template":"","format":"standard","meta":{"footnotes":""},"categories":[51],"tags":[],"class_list":["post-3625","post","type-post","status-publish","format-standard","has-post-thumbnail","hentry","category-des-expositions"],"acf":[],"yoast_head":"<!-- This site is optimized with the Yoast SEO plugin v22.1 - https:\/\/yoast.com\/wordpress\/plugins\/seo\/ -->\n<title>Fiart au salon nautique des Pouilles 2023\u00a0\u00a0 - Fiart Mare<\/title>\n<meta name=\"description\" content=\"Le salon nautique des Pouilles, \u00e9galement connu sous le nom de SNIM, est un \u00e9v\u00e9nement \u00e0 couper le souffle qui capture l\u2019essence de la vie en mer.\" \/>\n<meta name=\"robots\" content=\"index, follow, max-snippet:-1, max-image-preview:large, max-video-preview:-1\" \/>\n<link rel=\"canonical\" href=\"https:\/\/www.fiart.com\/fr\/fiart-au-salon-nautique-des-pouilles-2023\/\" \/>\n<meta property=\"og:locale\" content=\"fr_FR\" \/>\n<meta property=\"og:type\" content=\"article\" \/>\n<meta property=\"og:title\" content=\"Fiart au salon nautique des Pouilles 2023\u00a0\u00a0 - Fiart Mare\" \/>\n<meta property=\"og:description\" content=\"Le salon nautique des Pouilles, \u00e9galement connu sous le nom de SNIM, est un \u00e9v\u00e9nement \u00e0 couper le souffle qui capture l\u2019essence de la vie en mer.\" \/>\n<meta property=\"og:url\" content=\"https:\/\/www.fiart.com\/fr\/fiart-au-salon-nautique-des-pouilles-2023\/\" \/>\n<meta property=\"og:site_name\" content=\"Fiart Mare\" \/>\n<meta property=\"article:publisher\" content=\"https:\/\/www.facebook.com\/fiartmare\" \/>\n<meta property=\"article:published_time\" content=\"2023-10-10T14:44:31+00:00\" \/>\n<meta property=\"article:modified_time\" content=\"2023-10-27T12:04:21+00:00\" \/>\n<meta property=\"og:image\" content=\"https:\/\/www.fiart.com\/wp-content\/uploads\/2023\/10\/SNIM_fiart_2023.jpeg\" \/>\n\t<meta property=\"og:image:width\" content=\"1280\" \/>\n\t<meta property=\"og:image:height\" content=\"1280\" \/>\n\t<meta property=\"og:image:type\" content=\"image\/jpeg\" \/>\n<meta name=\"author\" content=\"Giorgia Landolfi\" \/>\n<meta name=\"twitter:card\" content=\"summary_large_image\" \/>\n<meta name=\"twitter:label1\" content=\"\u00c9crit par\" \/>\n\t<meta name=\"twitter:data1\" content=\"Giorgia Landolfi\" \/>\n\t<meta name=\"twitter:label2\" content=\"Dur\u00e9e de lecture estim\u00e9e\" \/>\n\t<meta name=\"twitter:data2\" content=\"2 minutes\" \/>\n<script type=\"application\/ld+json\" class=\"yoast-schema-graph\">{\"@context\":\"https:\/\/schema.org\",\"@graph\":[{\"@type\":\"Article\",\"@id\":\"https:\/\/www.fiart.com\/fr\/fiart-au-salon-nautique-des-pouilles-2023\/#article\",\"isPartOf\":{\"@id\":\"https:\/\/www.fiart.com\/fr\/fiart-au-salon-nautique-des-pouilles-2023\/\"},\"author\":{\"name\":\"Giorgia Landolfi\",\"@id\":\"https:\/\/www.fiart.com\/#\/schema\/person\/6e65d6aa29e6a45a56f5ce5b9095e29e\"},\"headline\":\"Fiart au salon nautique des Pouilles 2023\u00a0\u00a0\",\"datePublished\":\"2023-10-10T14:44:31+00:00\",\"dateModified\":\"2023-10-27T12:04:21+00:00\",\"mainEntityOfPage\":{\"@id\":\"https:\/\/www.fiart.com\/fr\/fiart-au-salon-nautique-des-pouilles-2023\/\"},\"wordCount\":250,\"publisher\":{\"@id\":\"https:\/\/www.fiart.com\/#organization\"},\"articleSection\":[\"des expositions\"],\"inLanguage\":\"fr-FR\"},{\"@type\":\"WebPage\",\"@id\":\"https:\/\/www.fiart.com\/fr\/fiart-au-salon-nautique-des-pouilles-2023\/\",\"url\":\"https:\/\/www.fiart.com\/fr\/fiart-au-salon-nautique-des-pouilles-2023\/\",\"name\":\"Fiart au salon nautique des Pouilles 2023\u00a0\u00a0 - Fiart Mare\",\"isPartOf\":{\"@id\":\"https:\/\/www.fiart.com\/#website\"},\"datePublished\":\"2023-10-10T14:44:31+00:00\",\"dateModified\":\"2023-10-27T12:04:21+00:00\",\"description\":\"Le salon nautique des Pouilles, \u00e9galement connu sous le nom de SNIM, est un \u00e9v\u00e9nement \u00e0 couper le souffle qui capture l\u2019essence de la vie en mer.\",\"breadcrumb\":{\"@id\":\"https:\/\/www.fiart.com\/fr\/fiart-au-salon-nautique-des-pouilles-2023\/#breadcrumb\"},\"inLanguage\":\"fr-FR\",\"potentialAction\":[{\"@type\":\"ReadAction\",\"target\":[\"https:\/\/www.fiart.com\/fr\/fiart-au-salon-nautique-des-pouilles-2023\/\"]}]},{\"@type\":\"BreadcrumbList\",\"@id\":\"https:\/\/www.fiart.com\/fr\/fiart-au-salon-nautique-des-pouilles-2023\/#breadcrumb\",\"itemListElement\":[{\"@type\":\"ListItem\",\"position\":1,\"name\":\"Home\",\"item\":\"https:\/\/www.fiart.com\/fr\/\"},{\"@type\":\"ListItem\",\"position\":2,\"name\":\"Fiart au salon nautique des Pouilles 2023\u00a0\u00a0\"}]},{\"@type\":\"WebSite\",\"@id\":\"https:\/\/www.fiart.com\/#website\",\"url\":\"https:\/\/www.fiart.com\/\",\"name\":\"Fiart Mare\",\"description\":\"\",\"publisher\":{\"@id\":\"https:\/\/www.fiart.com\/#organization\"},\"potentialAction\":[{\"@type\":\"SearchAction\",\"target\":{\"@type\":\"EntryPoint\",\"urlTemplate\":\"https:\/\/www.fiart.com\/?s={search_term_string}\"},\"query-input\":\"required name=search_term_string\"}],\"inLanguage\":\"fr-FR\"},{\"@type\":\"Organization\",\"@id\":\"https:\/\/www.fiart.com\/#organization\",\"name\":\"Fiart Mare\",\"url\":\"https:\/\/www.fiart.com\/\",\"logo\":{\"@type\":\"ImageObject\",\"inLanguage\":\"fr-FR\",\"@id\":\"https:\/\/www.fiart.com\/#\/schema\/logo\/image\/\",\"url\":\"https:\/\/www.fiart.com\/wp-content\/uploads\/2022\/09\/logo-fiart.png\",\"contentUrl\":\"https:\/\/www.fiart.com\/wp-content\/uploads\/2022\/09\/logo-fiart.png\",\"width\":233,\"height\":36,\"caption\":\"Fiart Mare\"},\"image\":{\"@id\":\"https:\/\/www.fiart.com\/#\/schema\/logo\/image\/\"},\"sameAs\":[\"https:\/\/www.facebook.com\/fiartmare\",\"https:\/\/www.instagram.com\/fiartmare\/\",\"https:\/\/www.linkedin.com\/company\/fiart-spa\/\",\"https:\/\/www.youtube.com\/channel\/UCD5FCXKqq1l4CZfs9dELKZQ\"]},{\"@type\":\"Person\",\"@id\":\"https:\/\/www.fiart.com\/#\/schema\/person\/6e65d6aa29e6a45a56f5ce5b9095e29e\",\"name\":\"Giorgia Landolfi\",\"image\":{\"@type\":\"ImageObject\",\"inLanguage\":\"fr-FR\",\"@id\":\"https:\/\/www.fiart.com\/#\/schema\/person\/image\/\",\"url\":\"https:\/\/secure.gravatar.com\/avatar\/972851f825908035834cdf2667da442ad1e8154cbb4ae8863da699b6d78c6c6d?s=96&d=mm&r=g\",\"contentUrl\":\"https:\/\/secure.gravatar.com\/avatar\/972851f825908035834cdf2667da442ad1e8154cbb4ae8863da699b6d78c6c6d?s=96&d=mm&r=g\",\"caption\":\"Giorgia Landolfi\"},\"url\":\"https:\/\/www.fiart.com\/fr\/author\/giorgia\/\"}]}<\/script>\n<!-- \/ Yoast SEO plugin. -->","yoast_head_json":{"title":"Fiart au salon nautique des Pouilles 2023\u00a0\u00a0 - Fiart Mare","description":"Le salon nautique des Pouilles, \u00e9galement connu sous le nom de SNIM, est un \u00e9v\u00e9nement \u00e0 couper le souffle qui capture l\u2019essence de la vie en mer.","robots":{"index":"index","follow":"follow","max-snippet":"max-snippet:-1","max-image-preview":"max-image-preview:large","max-video-preview":"max-video-preview:-1"},"canonical":"https:\/\/www.fiart.com\/fr\/fiart-au-salon-nautique-des-pouilles-2023\/","og_locale":"fr_FR","og_type":"article","og_title":"Fiart au salon nautique des Pouilles 2023\u00a0\u00a0 - Fiart Mare","og_description":"Le salon nautique des Pouilles, \u00e9galement connu sous le nom de SNIM, est un \u00e9v\u00e9nement \u00e0 couper le souffle qui capture l\u2019essence de la vie en mer.","og_url":"https:\/\/www.fiart.com\/fr\/fiart-au-salon-nautique-des-pouilles-2023\/","og_site_name":"Fiart Mare","article_publisher":"https:\/\/www.facebook.com\/fiartmare","article_published_time":"2023-10-10T14:44:31+00:00","article_modified_time":"2023-10-27T12:04:21+00:00","og_image":[{"width":1280,"height":1280,"url":"https:\/\/www.fiart.com\/wp-content\/uploads\/2023\/10\/SNIM_fiart_2023.jpeg","type":"image\/jpeg"}],"author":"Giorgia Landolfi","twitter_card":"summary_large_image","twitter_misc":{"\u00c9crit par":"Giorgia Landolfi","Dur\u00e9e de lecture estim\u00e9e":"2 minutes"},"schema":{"@context":"https:\/\/schema.org","@graph":[{"@type":"Article","@id":"https:\/\/www.fiart.com\/fr\/fiart-au-salon-nautique-des-pouilles-2023\/#article","isPartOf":{"@id":"https:\/\/www.fiart.com\/fr\/fiart-au-salon-nautique-des-pouilles-2023\/"},"author":{"name":"Giorgia Landolfi","@id":"https:\/\/www.fiart.com\/#\/schema\/person\/6e65d6aa29e6a45a56f5ce5b9095e29e"},"headline":"Fiart au salon nautique des Pouilles 2023\u00a0\u00a0","datePublished":"2023-10-10T14:44:31+00:00","dateModified":"2023-10-27T12:04:21+00:00","mainEntityOfPage":{"@id":"https:\/\/www.fiart.com\/fr\/fiart-au-salon-nautique-des-pouilles-2023\/"},"wordCount":250,"publisher":{"@id":"https:\/\/www.fiart.com\/#organization"},"articleSection":["des expositions"],"inLanguage":"fr-FR"},{"@type":"WebPage","@id":"https:\/\/www.fiart.com\/fr\/fiart-au-salon-nautique-des-pouilles-2023\/","url":"https:\/\/www.fiart.com\/fr\/fiart-au-salon-nautique-des-pouilles-2023\/","name":"Fiart au salon nautique des Pouilles 2023\u00a0\u00a0 - Fiart Mare","isPartOf":{"@id":"https:\/\/www.fiart.com\/#website"},"datePublished":"2023-10-10T14:44:31+00:00","dateModified":"2023-10-27T12:04:21+00:00","description":"Le salon nautique des Pouilles, \u00e9galement connu sous le nom de SNIM, est un \u00e9v\u00e9nement \u00e0 couper le souffle qui capture l\u2019essence de la vie en mer.","breadcrumb":{"@id":"https:\/\/www.fiart.com\/fr\/fiart-au-salon-nautique-des-pouilles-2023\/#breadcrumb"},"inLanguage":"fr-FR","potentialAction":[{"@type":"ReadAction","target":["https:\/\/www.fiart.com\/fr\/fiart-au-salon-nautique-des-pouilles-2023\/"]}]},{"@type":"BreadcrumbList","@id":"https:\/\/www.fiart.com\/fr\/fiart-au-salon-nautique-des-pouilles-2023\/#breadcrumb","itemListElement":[{"@type":"ListItem","position":1,"name":"Home","item":"https:\/\/www.fiart.com\/fr\/"},{"@type":"ListItem","position":2,"name":"Fiart au salon nautique des Pouilles 2023\u00a0\u00a0"}]},{"@type":"WebSite","@id":"https:\/\/www.fiart.com\/#website","url":"https:\/\/www.fiart.com\/","name":"Fiart Mare","description":"","publisher":{"@id":"https:\/\/www.fiart.com\/#organization"},"potentialAction":[{"@type":"SearchAction","target":{"@type":"EntryPoint","urlTemplate":"https:\/\/www.fiart.com\/?s={search_term_string}"},"query-input":"required name=search_term_string"}],"inLanguage":"fr-FR"},{"@type":"Organization","@id":"https:\/\/www.fiart.com\/#organization","name":"Fiart Mare","url":"https:\/\/www.fiart.com\/","logo":{"@type":"ImageObject","inLanguage":"fr-FR","@id":"https:\/\/www.fiart.com\/#\/schema\/logo\/image\/","url":"https:\/\/www.fiart.com\/wp-content\/uploads\/2022\/09\/logo-fiart.png","contentUrl":"https:\/\/www.fiart.com\/wp-content\/uploads\/2022\/09\/logo-fiart.png","width":233,"height":36,"caption":"Fiart Mare"},"image":{"@id":"https:\/\/www.fiart.com\/#\/schema\/logo\/image\/"},"sameAs":["https:\/\/www.facebook.com\/fiartmare","https:\/\/www.instagram.com\/fiartmare\/","https:\/\/www.linkedin.com\/company\/fiart-spa\/","https:\/\/www.youtube.com\/channel\/UCD5FCXKqq1l4CZfs9dELKZQ"]},{"@type":"Person","@id":"https:\/\/www.fiart.com\/#\/schema\/person\/6e65d6aa29e6a45a56f5ce5b9095e29e","name":"Giorgia Landolfi","image":{"@type":"ImageObject","inLanguage":"fr-FR","@id":"https:\/\/www.fiart.com\/#\/schema\/person\/image\/","url":"https:\/\/secure.gravatar.com\/avatar\/972851f825908035834cdf2667da442ad1e8154cbb4ae8863da699b6d78c6c6d?s=96&d=mm&r=g","contentUrl":"https:\/\/secure.gravatar.com\/avatar\/972851f825908035834cdf2667da442ad1e8154cbb4ae8863da699b6d78c6c6d?s=96&d=mm&r=g","caption":"Giorgia Landolfi"},"url":"https:\/\/www.fiart.com\/fr\/author\/giorgia\/"}]}},"_links":{"self":[{"href":"https:\/\/www.fiart.com\/fr\/wp-json\/wp\/v2\/posts\/3625","targetHints":{"allow":["GET"]}}],"collection":[{"href":"https:\/\/www.fiart.com\/fr\/wp-json\/wp\/v2\/posts"}],"about":[{"href":"https:\/\/www.fiart.com\/fr\/wp-json\/wp\/v2\/types\/post"}],"author":[{"embeddable":true,"href":"https:\/\/www.fiart.com\/fr\/wp-json\/wp\/v2\/users\/3"}],"replies":[{"embeddable":true,"href":"https:\/\/www.fiart.com\/fr\/wp-json\/wp\/v2\/comments?post=3625"}],"version-history":[{"count":1,"href":"https:\/\/www.fiart.com\/fr\/wp-json\/wp\/v2\/posts\/3625\/revisions"}],"predecessor-version":[{"id":3626,"href":"https:\/\/www.fiart.com\/fr\/wp-json\/wp\/v2\/posts\/3625\/revisions\/3626"}],"wp:featuredmedia":[{"embeddable":true,"href":"https:\/\/www.fiart.com\/fr\/wp-json\/wp\/v2\/media\/3620"}],"wp:attachment":[{"href":"https:\/\/www.fiart.com\/fr\/wp-json\/wp\/v2\/media?parent=3625"}],"wp:term":[{"taxonomy":"category","embeddable":true,"href":"https:\/\/www.fiart.com\/fr\/wp-json\/wp\/v2\/categories?post=3625"},{"taxonomy":"post_tag","embeddable":true,"href":"https:\/\/www.fiart.com\/fr\/wp-json\/wp\/v2\/tags?post=3625"}],"curies":[{"name":"wp","href":"https:\/\/api.w.org\/{rel}","templated":true}]}}