{"id":3548,"date":"2023-09-14T14:22:36","date_gmt":"2023-09-14T14:22:36","guid":{"rendered":"https:\/\/www.fiart.com\/?p=3548"},"modified":"2023-09-14T14:57:30","modified_gmt":"2023-09-14T14:57:30","slug":"fiart-au-63-salon-nautique-de-genes","status":"publish","type":"post","link":"https:\/\/www.fiart.com\/fr\/fiart-au-63-salon-nautique-de-genes\/","title":{"rendered":"Fiart au 63\u00b0 Salon Nautique de G\u00eanes"},"content":{"rendered":"\n<p>Du 21 au 26&nbsp;septembre, le monde de la nautique se donne rendez-vous \u00e0 G\u00eanes pour la 63\u00e8me \u00e9dition du Salon Nautique International de G\u00eanes.<\/p>\n\n\n\n<h2 class=\"wp-block-heading\">L\u2019exposition Fiart au Salon de G\u00eanes<\/h2>\n\n\n\n<p>Nous vous attendons au Salon de G\u00eanes, auquel nous participons fi\u00e8rement depuis maintenant 63 ans, \u00e0 notre stand, YE45, situ\u00e9 dans la suggestive Banchina E, pour&nbsp;:<\/p>\n\n\n\n<ul class=\"wp-block-list\">\n<li><strong>D\u00e9couvrir en avant-premi\u00e8re italienne le tout nouveau<a href=\"https:\/\/www.fiart.com\/fr\/p48\/\"> Seawalker 43 Panorama<\/a><\/strong><\/li>\n<\/ul>\n\n\n\n<ul class=\"wp-block-list\">\n<li><strong>D\u00e9couvrez la gamme Seawalker au complet&nbsp;<\/strong>: explorez la gamme compl\u00e8te de walkaround Fiart, chacun avec ses caract\u00e9ristiques uniques et extraordinaires.<\/li>\n<\/ul>\n\n\n\n<ul class=\"wp-block-list\">\n<li><strong>D\u00e9couvrez l\u2019\u00e9motion de la navigation<\/strong>&nbsp;: Il n\u2019y a pas de meilleure fa\u00e7on de vivre la magie d\u2019un Fiart que de le conduire. R\u00e9servez un essai en mer avec notre service commercial.<\/li>\n<\/ul>\n\n\n\n<ul class=\"wp-block-list\">\n<li>Rencontrer nos experts&nbsp;: Notre \u00e9quipe sera \u00e0 votre disposition pour r\u00e9pondre \u00e0 toutes vos questions sur ces chefs-d\u2019\u0153uvre de l\u2019ing\u00e9nierie nautique.<\/li>\n<\/ul>\n\n\n\n<p>Pr\u00e9parez-vous \u00e0 vivre une exp\u00e9rience inoubliable du 21 au 26&nbsp;septembre&nbsp;2023 \u00e0 G\u00eanes, nous vous attendons!<\/p>\n","protected":false},"excerpt":{"rendered":"<p>Du 21 au 26&nbsp;septembre, le monde de la nautique se donne rendez-vous \u00e0 G\u00eanes pour la 63\u00e8me \u00e9dition du Salon Nautique International de G\u00eanes. L\u2019exposition Fiart au Salon de G\u00eanes Nous vous attendons au Salon de G\u00eanes, auquel nous participons fi\u00e8rement depuis maintenant 63 ans, \u00e0 notre stand, YE45, situ\u00e9 dans la suggestive Banchina E, &hellip; <a href=\"https:\/\/www.fiart.com\/fr\/fiart-au-63-salon-nautique-de-genes\/\" class=\"more-link\"><\/a><\/p>\n","protected":false},"author":3,"featured_media":3544,"comment_status":"open","ping_status":"open","sticky":true,"template":"","format":"standard","meta":{"footnotes":""},"categories":[51],"tags":[],"class_list":["post-3548","post","type-post","status-publish","format-standard","has-post-thumbnail","hentry","category-des-expositions"],"acf":[],"yoast_head":"<!-- This site is optimized with the Yoast SEO plugin v22.1 - https:\/\/yoast.com\/wordpress\/plugins\/seo\/ -->\n<title>Fiart au 63\u00b0 Salon Nautique de G\u00eanes - Fiart Mare<\/title>\n<meta name=\"description\" content=\"Du 21 au 26\u00a0septembre, le monde de la nautique se donne rendez-vous \u00e0 G\u00eanes pour la 63\u00e8me \u00e9dition du Salon Nautique International de G\u00eanes.\" \/>\n<meta name=\"robots\" content=\"index, follow, max-snippet:-1, max-image-preview:large, max-video-preview:-1\" \/>\n<link rel=\"canonical\" href=\"https:\/\/www.fiart.com\/fr\/fiart-au-63-salon-nautique-de-genes\/\" \/>\n<meta property=\"og:locale\" content=\"fr_FR\" \/>\n<meta property=\"og:type\" content=\"article\" \/>\n<meta property=\"og:title\" content=\"Fiart au 63\u00b0 Salon Nautique de G\u00eanes - Fiart Mare\" \/>\n<meta property=\"og:description\" content=\"Du 21 au 26\u00a0septembre, le monde de la nautique se donne rendez-vous \u00e0 G\u00eanes pour la 63\u00e8me \u00e9dition du Salon Nautique International de G\u00eanes.\" \/>\n<meta property=\"og:url\" content=\"https:\/\/www.fiart.com\/fr\/fiart-au-63-salon-nautique-de-genes\/\" \/>\n<meta property=\"og:site_name\" content=\"Fiart Mare\" \/>\n<meta property=\"article:publisher\" content=\"https:\/\/www.facebook.com\/fiartmare\" \/>\n<meta property=\"article:published_time\" content=\"2023-09-14T14:22:36+00:00\" \/>\n<meta property=\"article:modified_time\" content=\"2023-09-14T14:57:30+00:00\" \/>\n<meta property=\"og:image\" content=\"https:\/\/www.fiart.com\/wp-content\/uploads\/2023\/09\/CLIENTI_Inviti-Genova-2023.jpg\" \/>\n\t<meta property=\"og:image:width\" content=\"2250\" \/>\n\t<meta property=\"og:image:height\" content=\"2250\" \/>\n\t<meta property=\"og:image:type\" content=\"image\/jpeg\" \/>\n<meta name=\"author\" content=\"Giorgia Landolfi\" \/>\n<meta name=\"twitter:card\" content=\"summary_large_image\" \/>\n<meta name=\"twitter:label1\" content=\"\u00c9crit par\" \/>\n\t<meta name=\"twitter:data1\" content=\"Giorgia Landolfi\" \/>\n\t<meta name=\"twitter:label2\" content=\"Dur\u00e9e de lecture estim\u00e9e\" \/>\n\t<meta name=\"twitter:data2\" content=\"1 minute\" \/>\n<script type=\"application\/ld+json\" class=\"yoast-schema-graph\">{\"@context\":\"https:\/\/schema.org\",\"@graph\":[{\"@type\":\"Article\",\"@id\":\"https:\/\/www.fiart.com\/fr\/fiart-au-63-salon-nautique-de-genes\/#article\",\"isPartOf\":{\"@id\":\"https:\/\/www.fiart.com\/fr\/fiart-au-63-salon-nautique-de-genes\/\"},\"author\":{\"name\":\"Giorgia Landolfi\",\"@id\":\"https:\/\/www.fiart.com\/#\/schema\/person\/6e65d6aa29e6a45a56f5ce5b9095e29e\"},\"headline\":\"Fiart au 63\u00b0 Salon Nautique de G\u00eanes\",\"datePublished\":\"2023-09-14T14:22:36+00:00\",\"dateModified\":\"2023-09-14T14:57:30+00:00\",\"mainEntityOfPage\":{\"@id\":\"https:\/\/www.fiart.com\/fr\/fiart-au-63-salon-nautique-de-genes\/\"},\"wordCount\":181,\"commentCount\":0,\"publisher\":{\"@id\":\"https:\/\/www.fiart.com\/#organization\"},\"articleSection\":[\"des expositions\"],\"inLanguage\":\"fr-FR\",\"potentialAction\":[{\"@type\":\"CommentAction\",\"name\":\"Comment\",\"target\":[\"https:\/\/www.fiart.com\/fr\/fiart-au-63-salon-nautique-de-genes\/#respond\"]}]},{\"@type\":\"WebPage\",\"@id\":\"https:\/\/www.fiart.com\/fr\/fiart-au-63-salon-nautique-de-genes\/\",\"url\":\"https:\/\/www.fiart.com\/fr\/fiart-au-63-salon-nautique-de-genes\/\",\"name\":\"Fiart au 63\u00b0 Salon Nautique de G\u00eanes - Fiart Mare\",\"isPartOf\":{\"@id\":\"https:\/\/www.fiart.com\/#website\"},\"datePublished\":\"2023-09-14T14:22:36+00:00\",\"dateModified\":\"2023-09-14T14:57:30+00:00\",\"description\":\"Du 21 au 26\u00a0septembre, le monde de la nautique se donne rendez-vous \u00e0 G\u00eanes pour la 63\u00e8me \u00e9dition du Salon Nautique International de G\u00eanes.\",\"breadcrumb\":{\"@id\":\"https:\/\/www.fiart.com\/fr\/fiart-au-63-salon-nautique-de-genes\/#breadcrumb\"},\"inLanguage\":\"fr-FR\",\"potentialAction\":[{\"@type\":\"ReadAction\",\"target\":[\"https:\/\/www.fiart.com\/fr\/fiart-au-63-salon-nautique-de-genes\/\"]}]},{\"@type\":\"BreadcrumbList\",\"@id\":\"https:\/\/www.fiart.com\/fr\/fiart-au-63-salon-nautique-de-genes\/#breadcrumb\",\"itemListElement\":[{\"@type\":\"ListItem\",\"position\":1,\"name\":\"Home\",\"item\":\"https:\/\/www.fiart.com\/fr\/\"},{\"@type\":\"ListItem\",\"position\":2,\"name\":\"Fiart au 63\u00b0 Salon Nautique de G\u00eanes\"}]},{\"@type\":\"WebSite\",\"@id\":\"https:\/\/www.fiart.com\/#website\",\"url\":\"https:\/\/www.fiart.com\/\",\"name\":\"Fiart Mare\",\"description\":\"\",\"publisher\":{\"@id\":\"https:\/\/www.fiart.com\/#organization\"},\"potentialAction\":[{\"@type\":\"SearchAction\",\"target\":{\"@type\":\"EntryPoint\",\"urlTemplate\":\"https:\/\/www.fiart.com\/?s={search_term_string}\"},\"query-input\":\"required name=search_term_string\"}],\"inLanguage\":\"fr-FR\"},{\"@type\":\"Organization\",\"@id\":\"https:\/\/www.fiart.com\/#organization\",\"name\":\"Fiart Mare\",\"url\":\"https:\/\/www.fiart.com\/\",\"logo\":{\"@type\":\"ImageObject\",\"inLanguage\":\"fr-FR\",\"@id\":\"https:\/\/www.fiart.com\/#\/schema\/logo\/image\/\",\"url\":\"https:\/\/www.fiart.com\/wp-content\/uploads\/2022\/09\/logo-fiart.png\",\"contentUrl\":\"https:\/\/www.fiart.com\/wp-content\/uploads\/2022\/09\/logo-fiart.png\",\"width\":233,\"height\":36,\"caption\":\"Fiart Mare\"},\"image\":{\"@id\":\"https:\/\/www.fiart.com\/#\/schema\/logo\/image\/\"},\"sameAs\":[\"https:\/\/www.facebook.com\/fiartmare\",\"https:\/\/www.instagram.com\/fiartmare\/\",\"https:\/\/www.linkedin.com\/company\/fiart-spa\/\",\"https:\/\/www.youtube.com\/channel\/UCD5FCXKqq1l4CZfs9dELKZQ\"]},{\"@type\":\"Person\",\"@id\":\"https:\/\/www.fiart.com\/#\/schema\/person\/6e65d6aa29e6a45a56f5ce5b9095e29e\",\"name\":\"Giorgia Landolfi\",\"image\":{\"@type\":\"ImageObject\",\"inLanguage\":\"fr-FR\",\"@id\":\"https:\/\/www.fiart.com\/#\/schema\/person\/image\/\",\"url\":\"https:\/\/secure.gravatar.com\/avatar\/972851f825908035834cdf2667da442ad1e8154cbb4ae8863da699b6d78c6c6d?s=96&d=mm&r=g\",\"contentUrl\":\"https:\/\/secure.gravatar.com\/avatar\/972851f825908035834cdf2667da442ad1e8154cbb4ae8863da699b6d78c6c6d?s=96&d=mm&r=g\",\"caption\":\"Giorgia Landolfi\"},\"url\":\"https:\/\/www.fiart.com\/fr\/author\/giorgia\/\"}]}<\/script>\n<!-- \/ Yoast SEO plugin. -->","yoast_head_json":{"title":"Fiart au 63\u00b0 Salon Nautique de G\u00eanes - Fiart Mare","description":"Du 21 au 26\u00a0septembre, le monde de la nautique se donne rendez-vous \u00e0 G\u00eanes pour la 63\u00e8me \u00e9dition du Salon Nautique International de G\u00eanes.","robots":{"index":"index","follow":"follow","max-snippet":"max-snippet:-1","max-image-preview":"max-image-preview:large","max-video-preview":"max-video-preview:-1"},"canonical":"https:\/\/www.fiart.com\/fr\/fiart-au-63-salon-nautique-de-genes\/","og_locale":"fr_FR","og_type":"article","og_title":"Fiart au 63\u00b0 Salon Nautique de G\u00eanes - Fiart Mare","og_description":"Du 21 au 26\u00a0septembre, le monde de la nautique se donne rendez-vous \u00e0 G\u00eanes pour la 63\u00e8me \u00e9dition du Salon Nautique International de G\u00eanes.","og_url":"https:\/\/www.fiart.com\/fr\/fiart-au-63-salon-nautique-de-genes\/","og_site_name":"Fiart Mare","article_publisher":"https:\/\/www.facebook.com\/fiartmare","article_published_time":"2023-09-14T14:22:36+00:00","article_modified_time":"2023-09-14T14:57:30+00:00","og_image":[{"width":2250,"height":2250,"url":"https:\/\/www.fiart.com\/wp-content\/uploads\/2023\/09\/CLIENTI_Inviti-Genova-2023.jpg","type":"image\/jpeg"}],"author":"Giorgia Landolfi","twitter_card":"summary_large_image","twitter_misc":{"\u00c9crit par":"Giorgia Landolfi","Dur\u00e9e de lecture estim\u00e9e":"1 minute"},"schema":{"@context":"https:\/\/schema.org","@graph":[{"@type":"Article","@id":"https:\/\/www.fiart.com\/fr\/fiart-au-63-salon-nautique-de-genes\/#article","isPartOf":{"@id":"https:\/\/www.fiart.com\/fr\/fiart-au-63-salon-nautique-de-genes\/"},"author":{"name":"Giorgia Landolfi","@id":"https:\/\/www.fiart.com\/#\/schema\/person\/6e65d6aa29e6a45a56f5ce5b9095e29e"},"headline":"Fiart au 63\u00b0 Salon Nautique de G\u00eanes","datePublished":"2023-09-14T14:22:36+00:00","dateModified":"2023-09-14T14:57:30+00:00","mainEntityOfPage":{"@id":"https:\/\/www.fiart.com\/fr\/fiart-au-63-salon-nautique-de-genes\/"},"wordCount":181,"commentCount":0,"publisher":{"@id":"https:\/\/www.fiart.com\/#organization"},"articleSection":["des expositions"],"inLanguage":"fr-FR","potentialAction":[{"@type":"CommentAction","name":"Comment","target":["https:\/\/www.fiart.com\/fr\/fiart-au-63-salon-nautique-de-genes\/#respond"]}]},{"@type":"WebPage","@id":"https:\/\/www.fiart.com\/fr\/fiart-au-63-salon-nautique-de-genes\/","url":"https:\/\/www.fiart.com\/fr\/fiart-au-63-salon-nautique-de-genes\/","name":"Fiart au 63\u00b0 Salon Nautique de G\u00eanes - Fiart Mare","isPartOf":{"@id":"https:\/\/www.fiart.com\/#website"},"datePublished":"2023-09-14T14:22:36+00:00","dateModified":"2023-09-14T14:57:30+00:00","description":"Du 21 au 26\u00a0septembre, le monde de la nautique se donne rendez-vous \u00e0 G\u00eanes pour la 63\u00e8me \u00e9dition du Salon Nautique International de G\u00eanes.","breadcrumb":{"@id":"https:\/\/www.fiart.com\/fr\/fiart-au-63-salon-nautique-de-genes\/#breadcrumb"},"inLanguage":"fr-FR","potentialAction":[{"@type":"ReadAction","target":["https:\/\/www.fiart.com\/fr\/fiart-au-63-salon-nautique-de-genes\/"]}]},{"@type":"BreadcrumbList","@id":"https:\/\/www.fiart.com\/fr\/fiart-au-63-salon-nautique-de-genes\/#breadcrumb","itemListElement":[{"@type":"ListItem","position":1,"name":"Home","item":"https:\/\/www.fiart.com\/fr\/"},{"@type":"ListItem","position":2,"name":"Fiart au 63\u00b0 Salon Nautique de G\u00eanes"}]},{"@type":"WebSite","@id":"https:\/\/www.fiart.com\/#website","url":"https:\/\/www.fiart.com\/","name":"Fiart Mare","description":"","publisher":{"@id":"https:\/\/www.fiart.com\/#organization"},"potentialAction":[{"@type":"SearchAction","target":{"@type":"EntryPoint","urlTemplate":"https:\/\/www.fiart.com\/?s={search_term_string}"},"query-input":"required name=search_term_string"}],"inLanguage":"fr-FR"},{"@type":"Organization","@id":"https:\/\/www.fiart.com\/#organization","name":"Fiart Mare","url":"https:\/\/www.fiart.com\/","logo":{"@type":"ImageObject","inLanguage":"fr-FR","@id":"https:\/\/www.fiart.com\/#\/schema\/logo\/image\/","url":"https:\/\/www.fiart.com\/wp-content\/uploads\/2022\/09\/logo-fiart.png","contentUrl":"https:\/\/www.fiart.com\/wp-content\/uploads\/2022\/09\/logo-fiart.png","width":233,"height":36,"caption":"Fiart Mare"},"image":{"@id":"https:\/\/www.fiart.com\/#\/schema\/logo\/image\/"},"sameAs":["https:\/\/www.facebook.com\/fiartmare","https:\/\/www.instagram.com\/fiartmare\/","https:\/\/www.linkedin.com\/company\/fiart-spa\/","https:\/\/www.youtube.com\/channel\/UCD5FCXKqq1l4CZfs9dELKZQ"]},{"@type":"Person","@id":"https:\/\/www.fiart.com\/#\/schema\/person\/6e65d6aa29e6a45a56f5ce5b9095e29e","name":"Giorgia Landolfi","image":{"@type":"ImageObject","inLanguage":"fr-FR","@id":"https:\/\/www.fiart.com\/#\/schema\/person\/image\/","url":"https:\/\/secure.gravatar.com\/avatar\/972851f825908035834cdf2667da442ad1e8154cbb4ae8863da699b6d78c6c6d?s=96&d=mm&r=g","contentUrl":"https:\/\/secure.gravatar.com\/avatar\/972851f825908035834cdf2667da442ad1e8154cbb4ae8863da699b6d78c6c6d?s=96&d=mm&r=g","caption":"Giorgia Landolfi"},"url":"https:\/\/www.fiart.com\/fr\/author\/giorgia\/"}]}},"_links":{"self":[{"href":"https:\/\/www.fiart.com\/fr\/wp-json\/wp\/v2\/posts\/3548","targetHints":{"allow":["GET"]}}],"collection":[{"href":"https:\/\/www.fiart.com\/fr\/wp-json\/wp\/v2\/posts"}],"about":[{"href":"https:\/\/www.fiart.com\/fr\/wp-json\/wp\/v2\/types\/post"}],"author":[{"embeddable":true,"href":"https:\/\/www.fiart.com\/fr\/wp-json\/wp\/v2\/users\/3"}],"replies":[{"embeddable":true,"href":"https:\/\/www.fiart.com\/fr\/wp-json\/wp\/v2\/comments?post=3548"}],"version-history":[{"count":2,"href":"https:\/\/www.fiart.com\/fr\/wp-json\/wp\/v2\/posts\/3548\/revisions"}],"predecessor-version":[{"id":3554,"href":"https:\/\/www.fiart.com\/fr\/wp-json\/wp\/v2\/posts\/3548\/revisions\/3554"}],"wp:featuredmedia":[{"embeddable":true,"href":"https:\/\/www.fiart.com\/fr\/wp-json\/wp\/v2\/media\/3544"}],"wp:attachment":[{"href":"https:\/\/www.fiart.com\/fr\/wp-json\/wp\/v2\/media?parent=3548"}],"wp:term":[{"taxonomy":"category","embeddable":true,"href":"https:\/\/www.fiart.com\/fr\/wp-json\/wp\/v2\/categories?post=3548"},{"taxonomy":"post_tag","embeddable":true,"href":"https:\/\/www.fiart.com\/fr\/wp-json\/wp\/v2\/tags?post=3548"}],"curies":[{"name":"wp","href":"https:\/\/api.w.org\/{rel}","templated":true}]}}