{"id":3217,"date":"2023-09-04T10:45:30","date_gmt":"2023-09-04T10:45:30","guid":{"rendered":"https:\/\/www.fiart.com\/?p=3217"},"modified":"2024-07-17T10:24:22","modified_gmt":"2024-07-17T10:24:22","slug":"le-premier-rendez-vous-fiart-pour-lautomne-2023-le-yachting-festival-de-cannes","status":"publish","type":"post","link":"https:\/\/www.fiart.com\/fr\/le-premier-rendez-vous-fiart-pour-lautomne-2023-le-yachting-festival-de-cannes\/","title":{"rendered":"Le premier rendez-vous Fiart pour l\u2019automne 2023 : le Yachting Festival de Cannes\u00a0\u00a0"},"content":{"rendered":"\n<p>Nous sommes heureux d\u2019annoncer notre participation au Yachting Festival de Cannes du 12 au 17 septembre avec un stand au Vieux Port &#8211; Pantiero au PAN 218 et les amarrages au PONTON PAN2 &#8211; PAN 092.&nbsp;&nbsp;<\/p>\n\n\n\n<p>Toute la gamme Seawalker sera disponible pour des visites et des r\u00e9p\u00e9titions, avec quelques nouveaut\u00e9s int\u00e9ressantes en avant-premi\u00e8re pour le public cannois !&nbsp;&nbsp;<\/p>\n\n\n\n<p>Parmi les mod\u00e8les pr\u00e9sent\u00e9s il y aura aussi le fleuron, le Seawalker 43 en version Panorama, derni\u00e8re n\u00e9e de la maison Fiart con\u00e7ue pour rendre les walkaround bateaux parfaits m\u00eame pour des croisi\u00e8res plus longues.&nbsp;&nbsp;<\/p>\n\n\n\n<p>La nouvelle version se pr\u00e9sente en premi\u00e8re mondiale au public international avec de nombreux avantages qui la rendent accueillante et confortable : un large pare-brise avant en cristal, qui garantit a\u00e9rodynamisme et visibilit\u00e9 optimis\u00e9e et un hard top, qui ferme l\u2019environnement dans la zone frontale, permettant une navigation s\u00e8che et abrit\u00e9e, mais ouvert dans les zones lat\u00e9rales pour assurer un passage d\u2019air parfait.&nbsp;&nbsp;<\/p>\n\n\n\n<p>De nouveaux d\u00e9tails et finitions embellissent les espaces ext\u00e9rieurs et int\u00e9rieurs, en conservant un design essentiel mais beaucoup plus recherch\u00e9.&nbsp;&nbsp;<br><\/p>\n\n\n\n<p><strong>Toutes les nouveaut\u00e9s au Salon de Cannes&nbsp;<\/strong>&nbsp;<\/p>\n\n\n\n<p>Les nouveaut\u00e9s concernent \u00e9galement le Seawalker 39 et le Seawalker 43, qui seront expos\u00e9s \u00e0 Cannes dans l\u2019une des versions Bespoke, projet tr\u00e8s cher \u00e0 notre entreprise, qui consacre son soin artisanal et son savoir-faire \u00e0 ses clients, en les rendant protagonistes.&nbsp;&nbsp;<\/p>\n\n\n\n<p>Le projet pr\u00e9voit que chaque armateur pourra choisir parmi un large spectre de couleurs, combinaisons, finitions et en partie aussi configuration de l\u2019int\u00e9rieur, pour avoir un bateau unique, qui repr\u00e9sente lui-m\u00eame et son univers.&nbsp;<\/p>\n\n\n\n<p>Le long des quais du Vieux Port, il y aura aussi le plus petit de la gamme, le Seawalker 35, best-seller sur les march\u00e9s m\u00e9diterran\u00e9ens, bateau amusant, rapide, maniable et dynamique, pens\u00e9 comme croiseur quotidien mais avec les plus qui rendent unique la gamme des baladeurs Fiart.&nbsp;&nbsp;<\/p>\n\n\n\n<p>Le salon de Cannes sera aussi l\u2019occasion de rencontrer la presse internationale et de pr\u00e9senter en avant-premi\u00e8re de nouveaux mod\u00e8les et projets, fruit des r\u00e9cents efforts et investissements de l\u2019entreprise.&nbsp;&nbsp;<\/p>\n\n\n\n<p>Le rendez-vous est fix\u00e9 pour mercredi 13 septembre \u00e0 17h30 au Stand Fiart pour une rencontre avec le Pr\u00e9sident Giancarlo di Luggo et l\u2019architecte Stefano Pastrovich, qui pr\u00e9senteront les nouveaut\u00e9s de la Ligne P destin\u00e9e \u00e0 devenir, soit avec le P54 soit avec les mod\u00e8les plus petits et plus grands, un projet custom dans lequel chaque yacht sera unique et exclusif.\u00a0\u00a0\u00a0<\/p>\n\n\n\n<p>Nous vous attendons !&nbsp;<\/p>\n","protected":false},"excerpt":{"rendered":"<p>Nous sommes heureux d\u2019annoncer notre participation au Yachting Festival de Cannes du 12 au 17 septembre avec un stand au Vieux Port &#8211; Pantiero au PAN 218 et les amarrages au PONTON PAN2 &#8211; PAN 092.&nbsp;&nbsp; Toute la gamme Seawalker sera disponible pour des visites et des r\u00e9p\u00e9titions, avec quelques nouveaut\u00e9s int\u00e9ressantes en avant-premi\u00e8re pour &hellip; <a href=\"https:\/\/www.fiart.com\/fr\/le-premier-rendez-vous-fiart-pour-lautomne-2023-le-yachting-festival-de-cannes\/\" class=\"more-link\"><\/a><\/p>\n","protected":false},"author":3,"featured_media":3210,"comment_status":"open","ping_status":"open","sticky":true,"template":"","format":"standard","meta":{"footnotes":""},"categories":[53],"tags":[],"class_list":["post-3217","post","type-post","status-publish","format-standard","has-post-thumbnail","hentry","category-sea-trial-fr"],"acf":[],"yoast_head":"<!-- This site is optimized with the Yoast SEO plugin v22.1 - https:\/\/yoast.com\/wordpress\/plugins\/seo\/ -->\n<title>Le premier rendez-vous Fiart pour l\u2019automne 2023 : le Yachting Festival de Cannes\u00a0\u00a0<\/title>\n<meta name=\"description\" content=\"Nous sommes heureux d\u2019annoncer notre participation au Yachting Festival de Cannes du 12 au 17 septembre avec un stand au Vieux Port.\" \/>\n<meta name=\"robots\" content=\"index, follow, max-snippet:-1, max-image-preview:large, max-video-preview:-1\" \/>\n<link rel=\"canonical\" href=\"https:\/\/www.fiart.com\/fr\/le-premier-rendez-vous-fiart-pour-lautomne-2023-le-yachting-festival-de-cannes\/\" \/>\n<meta property=\"og:locale\" content=\"fr_FR\" \/>\n<meta property=\"og:type\" content=\"article\" \/>\n<meta property=\"og:title\" content=\"Le premier rendez-vous Fiart pour l\u2019automne 2023 : le Yachting Festival de Cannes\u00a0\u00a0\" \/>\n<meta property=\"og:description\" content=\"Nous sommes heureux d\u2019annoncer notre participation au Yachting Festival de Cannes du 12 au 17 septembre avec un stand au Vieux Port.\" \/>\n<meta property=\"og:url\" content=\"https:\/\/www.fiart.com\/fr\/le-premier-rendez-vous-fiart-pour-lautomne-2023-le-yachting-festival-de-cannes\/\" \/>\n<meta property=\"og:site_name\" content=\"Fiart Mare\" \/>\n<meta property=\"article:publisher\" content=\"https:\/\/www.facebook.com\/fiartmare\" \/>\n<meta property=\"article:published_time\" content=\"2023-09-04T10:45:30+00:00\" \/>\n<meta property=\"article:modified_time\" content=\"2024-07-17T10:24:22+00:00\" \/>\n<meta property=\"og:image\" content=\"https:\/\/www.fiart.com\/wp-content\/uploads\/2023\/09\/Invite_CYF_Fiart-_1_.webp\" \/>\n\t<meta property=\"og:image:width\" content=\"1\" \/>\n\t<meta property=\"og:image:height\" content=\"1\" \/>\n\t<meta property=\"og:image:type\" content=\"image\/webp\" \/>\n<meta name=\"author\" content=\"Giorgia Landolfi\" \/>\n<meta name=\"twitter:card\" content=\"summary_large_image\" \/>\n<meta name=\"twitter:label1\" content=\"\u00c9crit par\" \/>\n\t<meta name=\"twitter:data1\" content=\"Giorgia Landolfi\" \/>\n\t<meta name=\"twitter:label2\" content=\"Dur\u00e9e de lecture estim\u00e9e\" \/>\n\t<meta name=\"twitter:data2\" content=\"3 minutes\" \/>\n<script type=\"application\/ld+json\" class=\"yoast-schema-graph\">{\"@context\":\"https:\/\/schema.org\",\"@graph\":[{\"@type\":\"Article\",\"@id\":\"https:\/\/www.fiart.com\/fr\/le-premier-rendez-vous-fiart-pour-lautomne-2023-le-yachting-festival-de-cannes\/#article\",\"isPartOf\":{\"@id\":\"https:\/\/www.fiart.com\/fr\/le-premier-rendez-vous-fiart-pour-lautomne-2023-le-yachting-festival-de-cannes\/\"},\"author\":{\"name\":\"Giorgia Landolfi\",\"@id\":\"https:\/\/www.fiart.com\/#\/schema\/person\/6e65d6aa29e6a45a56f5ce5b9095e29e\"},\"headline\":\"Le premier rendez-vous Fiart pour l\u2019automne 2023 : le Yachting Festival de Cannes\u00a0\u00a0\",\"datePublished\":\"2023-09-04T10:45:30+00:00\",\"dateModified\":\"2024-07-17T10:24:22+00:00\",\"mainEntityOfPage\":{\"@id\":\"https:\/\/www.fiart.com\/fr\/le-premier-rendez-vous-fiart-pour-lautomne-2023-le-yachting-festival-de-cannes\/\"},\"wordCount\":468,\"commentCount\":0,\"publisher\":{\"@id\":\"https:\/\/www.fiart.com\/#organization\"},\"articleSection\":[\"sea trial\"],\"inLanguage\":\"fr-FR\",\"potentialAction\":[{\"@type\":\"CommentAction\",\"name\":\"Comment\",\"target\":[\"https:\/\/www.fiart.com\/fr\/le-premier-rendez-vous-fiart-pour-lautomne-2023-le-yachting-festival-de-cannes\/#respond\"]}]},{\"@type\":\"WebPage\",\"@id\":\"https:\/\/www.fiart.com\/fr\/le-premier-rendez-vous-fiart-pour-lautomne-2023-le-yachting-festival-de-cannes\/\",\"url\":\"https:\/\/www.fiart.com\/fr\/le-premier-rendez-vous-fiart-pour-lautomne-2023-le-yachting-festival-de-cannes\/\",\"name\":\"Le premier rendez-vous Fiart pour l\u2019automne 2023 : le Yachting Festival de Cannes\u00a0\u00a0\",\"isPartOf\":{\"@id\":\"https:\/\/www.fiart.com\/#website\"},\"datePublished\":\"2023-09-04T10:45:30+00:00\",\"dateModified\":\"2024-07-17T10:24:22+00:00\",\"description\":\"Nous sommes heureux d\u2019annoncer notre participation au Yachting Festival de Cannes du 12 au 17 septembre avec un stand au Vieux Port.\",\"breadcrumb\":{\"@id\":\"https:\/\/www.fiart.com\/fr\/le-premier-rendez-vous-fiart-pour-lautomne-2023-le-yachting-festival-de-cannes\/#breadcrumb\"},\"inLanguage\":\"fr-FR\",\"potentialAction\":[{\"@type\":\"ReadAction\",\"target\":[\"https:\/\/www.fiart.com\/fr\/le-premier-rendez-vous-fiart-pour-lautomne-2023-le-yachting-festival-de-cannes\/\"]}]},{\"@type\":\"BreadcrumbList\",\"@id\":\"https:\/\/www.fiart.com\/fr\/le-premier-rendez-vous-fiart-pour-lautomne-2023-le-yachting-festival-de-cannes\/#breadcrumb\",\"itemListElement\":[{\"@type\":\"ListItem\",\"position\":1,\"name\":\"Home\",\"item\":\"https:\/\/www.fiart.com\/fr\/\"},{\"@type\":\"ListItem\",\"position\":2,\"name\":\"Le premier rendez-vous Fiart pour l\u2019automne 2023 : le Yachting Festival de Cannes\u00a0\u00a0\"}]},{\"@type\":\"WebSite\",\"@id\":\"https:\/\/www.fiart.com\/#website\",\"url\":\"https:\/\/www.fiart.com\/\",\"name\":\"Fiart Mare\",\"description\":\"\",\"publisher\":{\"@id\":\"https:\/\/www.fiart.com\/#organization\"},\"potentialAction\":[{\"@type\":\"SearchAction\",\"target\":{\"@type\":\"EntryPoint\",\"urlTemplate\":\"https:\/\/www.fiart.com\/?s={search_term_string}\"},\"query-input\":\"required name=search_term_string\"}],\"inLanguage\":\"fr-FR\"},{\"@type\":\"Organization\",\"@id\":\"https:\/\/www.fiart.com\/#organization\",\"name\":\"Fiart Mare\",\"url\":\"https:\/\/www.fiart.com\/\",\"logo\":{\"@type\":\"ImageObject\",\"inLanguage\":\"fr-FR\",\"@id\":\"https:\/\/www.fiart.com\/#\/schema\/logo\/image\/\",\"url\":\"https:\/\/www.fiart.com\/wp-content\/uploads\/2022\/09\/logo-fiart.png\",\"contentUrl\":\"https:\/\/www.fiart.com\/wp-content\/uploads\/2022\/09\/logo-fiart.png\",\"width\":233,\"height\":36,\"caption\":\"Fiart Mare\"},\"image\":{\"@id\":\"https:\/\/www.fiart.com\/#\/schema\/logo\/image\/\"},\"sameAs\":[\"https:\/\/www.facebook.com\/fiartmare\",\"https:\/\/www.instagram.com\/fiartmare\/\",\"https:\/\/www.linkedin.com\/company\/fiart-spa\/\",\"https:\/\/www.youtube.com\/channel\/UCD5FCXKqq1l4CZfs9dELKZQ\"]},{\"@type\":\"Person\",\"@id\":\"https:\/\/www.fiart.com\/#\/schema\/person\/6e65d6aa29e6a45a56f5ce5b9095e29e\",\"name\":\"Giorgia Landolfi\",\"image\":{\"@type\":\"ImageObject\",\"inLanguage\":\"fr-FR\",\"@id\":\"https:\/\/www.fiart.com\/#\/schema\/person\/image\/\",\"url\":\"https:\/\/secure.gravatar.com\/avatar\/972851f825908035834cdf2667da442ad1e8154cbb4ae8863da699b6d78c6c6d?s=96&d=mm&r=g\",\"contentUrl\":\"https:\/\/secure.gravatar.com\/avatar\/972851f825908035834cdf2667da442ad1e8154cbb4ae8863da699b6d78c6c6d?s=96&d=mm&r=g\",\"caption\":\"Giorgia Landolfi\"},\"url\":\"https:\/\/www.fiart.com\/fr\/author\/giorgia\/\"}]}<\/script>\n<!-- \/ Yoast SEO plugin. -->","yoast_head_json":{"title":"Le premier rendez-vous Fiart pour l\u2019automne 2023 : le Yachting Festival de Cannes\u00a0\u00a0","description":"Nous sommes heureux d\u2019annoncer notre participation au Yachting Festival de Cannes du 12 au 17 septembre avec un stand au Vieux Port.","robots":{"index":"index","follow":"follow","max-snippet":"max-snippet:-1","max-image-preview":"max-image-preview:large","max-video-preview":"max-video-preview:-1"},"canonical":"https:\/\/www.fiart.com\/fr\/le-premier-rendez-vous-fiart-pour-lautomne-2023-le-yachting-festival-de-cannes\/","og_locale":"fr_FR","og_type":"article","og_title":"Le premier rendez-vous Fiart pour l\u2019automne 2023 : le Yachting Festival de Cannes\u00a0\u00a0","og_description":"Nous sommes heureux d\u2019annoncer notre participation au Yachting Festival de Cannes du 12 au 17 septembre avec un stand au Vieux Port.","og_url":"https:\/\/www.fiart.com\/fr\/le-premier-rendez-vous-fiart-pour-lautomne-2023-le-yachting-festival-de-cannes\/","og_site_name":"Fiart Mare","article_publisher":"https:\/\/www.facebook.com\/fiartmare","article_published_time":"2023-09-04T10:45:30+00:00","article_modified_time":"2024-07-17T10:24:22+00:00","og_image":[{"url":"https:\/\/www.fiart.com\/wp-content\/uploads\/2023\/09\/Invite_CYF_Fiart-_1_.webp","width":1,"height":1,"type":"image\/webp"}],"author":"Giorgia Landolfi","twitter_card":"summary_large_image","twitter_misc":{"\u00c9crit par":"Giorgia Landolfi","Dur\u00e9e de lecture estim\u00e9e":"3 minutes"},"schema":{"@context":"https:\/\/schema.org","@graph":[{"@type":"Article","@id":"https:\/\/www.fiart.com\/fr\/le-premier-rendez-vous-fiart-pour-lautomne-2023-le-yachting-festival-de-cannes\/#article","isPartOf":{"@id":"https:\/\/www.fiart.com\/fr\/le-premier-rendez-vous-fiart-pour-lautomne-2023-le-yachting-festival-de-cannes\/"},"author":{"name":"Giorgia Landolfi","@id":"https:\/\/www.fiart.com\/#\/schema\/person\/6e65d6aa29e6a45a56f5ce5b9095e29e"},"headline":"Le premier rendez-vous Fiart pour l\u2019automne 2023 : le Yachting Festival de Cannes\u00a0\u00a0","datePublished":"2023-09-04T10:45:30+00:00","dateModified":"2024-07-17T10:24:22+00:00","mainEntityOfPage":{"@id":"https:\/\/www.fiart.com\/fr\/le-premier-rendez-vous-fiart-pour-lautomne-2023-le-yachting-festival-de-cannes\/"},"wordCount":468,"commentCount":0,"publisher":{"@id":"https:\/\/www.fiart.com\/#organization"},"articleSection":["sea trial"],"inLanguage":"fr-FR","potentialAction":[{"@type":"CommentAction","name":"Comment","target":["https:\/\/www.fiart.com\/fr\/le-premier-rendez-vous-fiart-pour-lautomne-2023-le-yachting-festival-de-cannes\/#respond"]}]},{"@type":"WebPage","@id":"https:\/\/www.fiart.com\/fr\/le-premier-rendez-vous-fiart-pour-lautomne-2023-le-yachting-festival-de-cannes\/","url":"https:\/\/www.fiart.com\/fr\/le-premier-rendez-vous-fiart-pour-lautomne-2023-le-yachting-festival-de-cannes\/","name":"Le premier rendez-vous Fiart pour l\u2019automne 2023 : le Yachting Festival de Cannes\u00a0\u00a0","isPartOf":{"@id":"https:\/\/www.fiart.com\/#website"},"datePublished":"2023-09-04T10:45:30+00:00","dateModified":"2024-07-17T10:24:22+00:00","description":"Nous sommes heureux d\u2019annoncer notre participation au Yachting Festival de Cannes du 12 au 17 septembre avec un stand au Vieux Port.","breadcrumb":{"@id":"https:\/\/www.fiart.com\/fr\/le-premier-rendez-vous-fiart-pour-lautomne-2023-le-yachting-festival-de-cannes\/#breadcrumb"},"inLanguage":"fr-FR","potentialAction":[{"@type":"ReadAction","target":["https:\/\/www.fiart.com\/fr\/le-premier-rendez-vous-fiart-pour-lautomne-2023-le-yachting-festival-de-cannes\/"]}]},{"@type":"BreadcrumbList","@id":"https:\/\/www.fiart.com\/fr\/le-premier-rendez-vous-fiart-pour-lautomne-2023-le-yachting-festival-de-cannes\/#breadcrumb","itemListElement":[{"@type":"ListItem","position":1,"name":"Home","item":"https:\/\/www.fiart.com\/fr\/"},{"@type":"ListItem","position":2,"name":"Le premier rendez-vous Fiart pour l\u2019automne 2023 : le Yachting Festival de Cannes\u00a0\u00a0"}]},{"@type":"WebSite","@id":"https:\/\/www.fiart.com\/#website","url":"https:\/\/www.fiart.com\/","name":"Fiart Mare","description":"","publisher":{"@id":"https:\/\/www.fiart.com\/#organization"},"potentialAction":[{"@type":"SearchAction","target":{"@type":"EntryPoint","urlTemplate":"https:\/\/www.fiart.com\/?s={search_term_string}"},"query-input":"required name=search_term_string"}],"inLanguage":"fr-FR"},{"@type":"Organization","@id":"https:\/\/www.fiart.com\/#organization","name":"Fiart Mare","url":"https:\/\/www.fiart.com\/","logo":{"@type":"ImageObject","inLanguage":"fr-FR","@id":"https:\/\/www.fiart.com\/#\/schema\/logo\/image\/","url":"https:\/\/www.fiart.com\/wp-content\/uploads\/2022\/09\/logo-fiart.png","contentUrl":"https:\/\/www.fiart.com\/wp-content\/uploads\/2022\/09\/logo-fiart.png","width":233,"height":36,"caption":"Fiart Mare"},"image":{"@id":"https:\/\/www.fiart.com\/#\/schema\/logo\/image\/"},"sameAs":["https:\/\/www.facebook.com\/fiartmare","https:\/\/www.instagram.com\/fiartmare\/","https:\/\/www.linkedin.com\/company\/fiart-spa\/","https:\/\/www.youtube.com\/channel\/UCD5FCXKqq1l4CZfs9dELKZQ"]},{"@type":"Person","@id":"https:\/\/www.fiart.com\/#\/schema\/person\/6e65d6aa29e6a45a56f5ce5b9095e29e","name":"Giorgia Landolfi","image":{"@type":"ImageObject","inLanguage":"fr-FR","@id":"https:\/\/www.fiart.com\/#\/schema\/person\/image\/","url":"https:\/\/secure.gravatar.com\/avatar\/972851f825908035834cdf2667da442ad1e8154cbb4ae8863da699b6d78c6c6d?s=96&d=mm&r=g","contentUrl":"https:\/\/secure.gravatar.com\/avatar\/972851f825908035834cdf2667da442ad1e8154cbb4ae8863da699b6d78c6c6d?s=96&d=mm&r=g","caption":"Giorgia Landolfi"},"url":"https:\/\/www.fiart.com\/fr\/author\/giorgia\/"}]}},"_links":{"self":[{"href":"https:\/\/www.fiart.com\/fr\/wp-json\/wp\/v2\/posts\/3217","targetHints":{"allow":["GET"]}}],"collection":[{"href":"https:\/\/www.fiart.com\/fr\/wp-json\/wp\/v2\/posts"}],"about":[{"href":"https:\/\/www.fiart.com\/fr\/wp-json\/wp\/v2\/types\/post"}],"author":[{"embeddable":true,"href":"https:\/\/www.fiart.com\/fr\/wp-json\/wp\/v2\/users\/3"}],"replies":[{"embeddable":true,"href":"https:\/\/www.fiart.com\/fr\/wp-json\/wp\/v2\/comments?post=3217"}],"version-history":[{"count":4,"href":"https:\/\/www.fiart.com\/fr\/wp-json\/wp\/v2\/posts\/3217\/revisions"}],"predecessor-version":[{"id":3754,"href":"https:\/\/www.fiart.com\/fr\/wp-json\/wp\/v2\/posts\/3217\/revisions\/3754"}],"wp:featuredmedia":[{"embeddable":true,"href":"https:\/\/www.fiart.com\/fr\/wp-json\/wp\/v2\/media\/3210"}],"wp:attachment":[{"href":"https:\/\/www.fiart.com\/fr\/wp-json\/wp\/v2\/media?parent=3217"}],"wp:term":[{"taxonomy":"category","embeddable":true,"href":"https:\/\/www.fiart.com\/fr\/wp-json\/wp\/v2\/categories?post=3217"},{"taxonomy":"post_tag","embeddable":true,"href":"https:\/\/www.fiart.com\/fr\/wp-json\/wp\/v2\/tags?post=3217"}],"curies":[{"name":"wp","href":"https:\/\/api.w.org\/{rel}","templated":true}]}}