{"id":3153,"date":"2023-07-20T07:19:58","date_gmt":"2023-07-20T07:19:58","guid":{"rendered":"https:\/\/www.fiart.com\/?p=3153"},"modified":"2023-07-20T07:20:01","modified_gmt":"2023-07-20T07:20:01","slug":"fiart-presente-le-seawalker-43-panorama","status":"publish","type":"post","link":"https:\/\/www.fiart.com\/fr\/fiart-presente-le-seawalker-43-panorama\/","title":{"rendered":"Fiart pr\u00e9sente le Seawalker 43 Panorama"},"content":{"rendered":"\n<p>A l\u2019occasion du<strong> Salon nautique de Cannes 2023<\/strong>, nous sommes fiers de vous pr\u00e9senter notre dernier bijou\u00a0: le Seawalker 43 Panorama. Ce yacht de luxe combine parfaitement design, performance et confort pour offrir aux amateurs de navigation une exp\u00e9rience inoubliable.<\/p>\n\n\n\n<p>La version Panorama du d\u00e9sormais c\u00e9l\u00e8bre Seawalker 43 est n\u00e9e, en effet, de l\u2019id\u00e9e de rendre le fleuron de la gamme encore plus polyvalent et styl\u00e9. Le Seawalker 43 Panorama conserve, dans sa nouvelle forme, tous les avantages caract\u00e9ristiques du walkaround Fiart, en innovant la couverture, pour devenir encore plus confortable et utilisable m\u00eame pour les longues navigations&nbsp;: un coeur m\u00e9diterran\u00e9en me avec une disposition sportive.<\/p>\n\n\n\n<p>Le hard top, reli\u00e9 directement au pare-brise, ferme l\u2019espace dans la zone frontale, permettant au pilote de naviguer \u00e0 l\u2019abri des agents atmosph\u00e9riques, sans toutefois renoncer \u00e0 l\u2019agr\u00e9able renouvellement d\u2019air et \u00e0 la fra\u00eecheur.<\/p>\n\n\n\n<p>La nouvelle structure en fibre de verre a \u00e9t\u00e9 pens\u00e9e pour interf\u00e9rer de mani\u00e8re minimale, en laissant amplement d\u2019espace aux cristaux et \u00e0 la lumi\u00e8re qui entre autoritaire, en donnant une perception de l\u00e9g\u00e8ret\u00e9, comme s\u2019il n\u2019y avait &#8220;rien au-dessus sinon le ciel&#8221;.<\/p>\n\n\n\n<figure class=\"wp-block-image size-large\"><img loading=\"lazy\" decoding=\"async\" width=\"1024\" height=\"724\" src=\"https:\/\/www.fiart.com\/wp-content\/uploads\/2023\/07\/SW43_panorama_closeuptop-1024x724.jpg\" alt=\"\" class=\"wp-image-3146\" srcset=\"https:\/\/www.fiart.com\/wp-content\/uploads\/2023\/07\/SW43_panorama_closeuptop-1024x724.jpg 1024w, https:\/\/www.fiart.com\/wp-content\/uploads\/2023\/07\/SW43_panorama_closeuptop-300x212.jpg 300w, https:\/\/www.fiart.com\/wp-content\/uploads\/2023\/07\/SW43_panorama_closeuptop-768x543.jpg 768w, https:\/\/www.fiart.com\/wp-content\/uploads\/2023\/07\/SW43_panorama_closeuptop-1536x1086.jpg 1536w, https:\/\/www.fiart.com\/wp-content\/uploads\/2023\/07\/SW43_panorama_closeuptop-2048x1448.jpg 2048w\" sizes=\"auto, (max-width: 1024px) 100vw, 1024px\" \/><\/figure>\n\n\n\n<p>La vue sera \u00e0 couper le souffle.<\/p>\n\n\n\n<p>Les espaces ext\u00e9rieurs de la <strong>Seawalker 43 Panorama <\/strong>sont con\u00e7us pour offrir un maximum de confort et de d\u00e9tente. La grande planche arri\u00e8re offre un espace id\u00e9al pour bronzer ou profiter d\u2019un d\u00eener en plein air. La spacieuse salle \u00e0 manger ext\u00e9rieure est parfaite pour passer des moments de convivialit\u00e9 entre amis et en famille.<\/p>\n\n\n\n<p>Cette variante a \u00e9t\u00e9 con\u00e7ue pour r\u00e9pondre aux armateurs les plus exigeants, tant en termes d\u2019utilisation &#8211; maintenant parfaite pour les longues croisi\u00e8res -, qu\u2019en termes de style. De nouvelles textures et tissus pour les tapisseries, de nouvelles essences pour les zones int\u00e9rieures, des panneaux en tissu et en cuir enrichissent les ma\u00e7onneries et les cielini, de pr\u00e9cieuses finitions.<\/p>\n\n\n\n<p>Si nous ajoutons \u00e0 cela la fabrication proverbiale de <a href=\"https:\/\/www.fiart.com\/fr\/modeles\/\" target=\"_blank\" rel=\"noreferrer noopener\">tous les mod\u00e8les Fiart<\/a>, qui b\u00e9n\u00e9ficient d\u2019espaces de vrais cruisers avec des cabines hautes et confortables, des salles de bains avec des douches s\u00e9par\u00e9es et de grands placards, Il est facile de comprendre pourquoi le SW43 Panorama se pr\u00e9sente sur le march\u00e9 comme un compagnon de voyage s\u00fbr et \u00e9l\u00e9gant pour les croisi\u00e8res et les longues vacances.<\/p>\n\n\n\n<p>Nous vous attendons en avant-premi\u00e8re au <strong>Cannes Yachting Festival 2023 du 12 au 17\u00a0septembre <\/strong>pour l\u2019admirer !<\/p>\n","protected":false},"excerpt":{"rendered":"<p>A l\u2019occasion du Salon nautique de Cannes 2023, nous sommes fiers de vous pr\u00e9senter notre dernier bijou\u00a0: le Seawalker 43 Panorama. Ce yacht de luxe combine parfaitement design, performance et confort pour offrir aux amateurs de navigation une exp\u00e9rience inoubliable. La version Panorama du d\u00e9sormais c\u00e9l\u00e8bre Seawalker 43 est n\u00e9e, en effet, de l\u2019id\u00e9e de &hellip; <a href=\"https:\/\/www.fiart.com\/fr\/fiart-presente-le-seawalker-43-panorama\/\" class=\"more-link\"><\/a><\/p>\n","protected":false},"author":3,"featured_media":3149,"comment_status":"open","ping_status":"open","sticky":true,"template":"","format":"standard","meta":{"footnotes":""},"categories":[51],"tags":[],"class_list":["post-3153","post","type-post","status-publish","format-standard","has-post-thumbnail","hentry","category-des-expositions"],"acf":[],"yoast_head":"<!-- This site is optimized with the Yoast SEO plugin v22.1 - https:\/\/yoast.com\/wordpress\/plugins\/seo\/ -->\n<title>Fiart pr\u00e9sente le Seawalker 43 Panorama - Fiart Mare<\/title>\n<meta name=\"description\" content=\"A l\u2019occasion du Salon nautique de Cannes 2023, nous sommes fiers de vous pr\u00e9senter notre dernier bijou\u00a0: le Seawalker 43 Panorama.\" \/>\n<meta name=\"robots\" content=\"index, follow, max-snippet:-1, max-image-preview:large, max-video-preview:-1\" \/>\n<link rel=\"canonical\" href=\"https:\/\/www.fiart.com\/fr\/fiart-presente-le-seawalker-43-panorama\/\" \/>\n<meta property=\"og:locale\" content=\"fr_FR\" \/>\n<meta property=\"og:type\" content=\"article\" \/>\n<meta property=\"og:title\" content=\"Fiart pr\u00e9sente le Seawalker 43 Panorama - Fiart Mare\" \/>\n<meta property=\"og:description\" content=\"A l\u2019occasion du Salon nautique de Cannes 2023, nous sommes fiers de vous pr\u00e9senter notre dernier bijou\u00a0: le Seawalker 43 Panorama.\" \/>\n<meta property=\"og:url\" content=\"https:\/\/www.fiart.com\/fr\/fiart-presente-le-seawalker-43-panorama\/\" \/>\n<meta property=\"og:site_name\" content=\"Fiart Mare\" \/>\n<meta property=\"article:publisher\" content=\"https:\/\/www.facebook.com\/fiartmare\" \/>\n<meta property=\"article:published_time\" content=\"2023-07-20T07:19:58+00:00\" \/>\n<meta property=\"article:modified_time\" content=\"2023-07-20T07:20:01+00:00\" \/>\n<meta property=\"og:image\" content=\"https:\/\/www.fiart.com\/wp-content\/uploads\/2023\/07\/Seawalker-43-panorama-1-scaled.jpg\" \/>\n\t<meta property=\"og:image:width\" content=\"1810\" \/>\n\t<meta property=\"og:image:height\" content=\"2560\" \/>\n\t<meta property=\"og:image:type\" content=\"image\/jpeg\" \/>\n<meta name=\"author\" content=\"Giorgia Landolfi\" \/>\n<meta name=\"twitter:card\" content=\"summary_large_image\" \/>\n<meta name=\"twitter:label1\" content=\"\u00c9crit par\" \/>\n\t<meta name=\"twitter:data1\" content=\"Giorgia Landolfi\" \/>\n\t<meta name=\"twitter:label2\" content=\"Dur\u00e9e de lecture estim\u00e9e\" \/>\n\t<meta name=\"twitter:data2\" content=\"3 minutes\" \/>\n<script type=\"application\/ld+json\" class=\"yoast-schema-graph\">{\"@context\":\"https:\/\/schema.org\",\"@graph\":[{\"@type\":\"Article\",\"@id\":\"https:\/\/www.fiart.com\/fr\/fiart-presente-le-seawalker-43-panorama\/#article\",\"isPartOf\":{\"@id\":\"https:\/\/www.fiart.com\/fr\/fiart-presente-le-seawalker-43-panorama\/\"},\"author\":{\"name\":\"Giorgia Landolfi\",\"@id\":\"https:\/\/www.fiart.com\/#\/schema\/person\/6e65d6aa29e6a45a56f5ce5b9095e29e\"},\"headline\":\"Fiart pr\u00e9sente le Seawalker 43 Panorama\",\"datePublished\":\"2023-07-20T07:19:58+00:00\",\"dateModified\":\"2023-07-20T07:20:01+00:00\",\"mainEntityOfPage\":{\"@id\":\"https:\/\/www.fiart.com\/fr\/fiart-presente-le-seawalker-43-panorama\/\"},\"wordCount\":436,\"commentCount\":0,\"publisher\":{\"@id\":\"https:\/\/www.fiart.com\/#organization\"},\"articleSection\":[\"des expositions\"],\"inLanguage\":\"fr-FR\",\"potentialAction\":[{\"@type\":\"CommentAction\",\"name\":\"Comment\",\"target\":[\"https:\/\/www.fiart.com\/fr\/fiart-presente-le-seawalker-43-panorama\/#respond\"]}]},{\"@type\":\"WebPage\",\"@id\":\"https:\/\/www.fiart.com\/fr\/fiart-presente-le-seawalker-43-panorama\/\",\"url\":\"https:\/\/www.fiart.com\/fr\/fiart-presente-le-seawalker-43-panorama\/\",\"name\":\"Fiart pr\u00e9sente le Seawalker 43 Panorama - Fiart Mare\",\"isPartOf\":{\"@id\":\"https:\/\/www.fiart.com\/#website\"},\"datePublished\":\"2023-07-20T07:19:58+00:00\",\"dateModified\":\"2023-07-20T07:20:01+00:00\",\"description\":\"A l\u2019occasion du Salon nautique de Cannes 2023, nous sommes fiers de vous pr\u00e9senter notre dernier bijou\u00a0: le Seawalker 43 Panorama.\",\"breadcrumb\":{\"@id\":\"https:\/\/www.fiart.com\/fr\/fiart-presente-le-seawalker-43-panorama\/#breadcrumb\"},\"inLanguage\":\"fr-FR\",\"potentialAction\":[{\"@type\":\"ReadAction\",\"target\":[\"https:\/\/www.fiart.com\/fr\/fiart-presente-le-seawalker-43-panorama\/\"]}]},{\"@type\":\"BreadcrumbList\",\"@id\":\"https:\/\/www.fiart.com\/fr\/fiart-presente-le-seawalker-43-panorama\/#breadcrumb\",\"itemListElement\":[{\"@type\":\"ListItem\",\"position\":1,\"name\":\"Home\",\"item\":\"https:\/\/www.fiart.com\/fr\/\"},{\"@type\":\"ListItem\",\"position\":2,\"name\":\"Fiart pr\u00e9sente le Seawalker 43 Panorama\"}]},{\"@type\":\"WebSite\",\"@id\":\"https:\/\/www.fiart.com\/#website\",\"url\":\"https:\/\/www.fiart.com\/\",\"name\":\"Fiart Mare\",\"description\":\"\",\"publisher\":{\"@id\":\"https:\/\/www.fiart.com\/#organization\"},\"potentialAction\":[{\"@type\":\"SearchAction\",\"target\":{\"@type\":\"EntryPoint\",\"urlTemplate\":\"https:\/\/www.fiart.com\/?s={search_term_string}\"},\"query-input\":\"required name=search_term_string\"}],\"inLanguage\":\"fr-FR\"},{\"@type\":\"Organization\",\"@id\":\"https:\/\/www.fiart.com\/#organization\",\"name\":\"Fiart Mare\",\"url\":\"https:\/\/www.fiart.com\/\",\"logo\":{\"@type\":\"ImageObject\",\"inLanguage\":\"fr-FR\",\"@id\":\"https:\/\/www.fiart.com\/#\/schema\/logo\/image\/\",\"url\":\"https:\/\/www.fiart.com\/wp-content\/uploads\/2022\/09\/logo-fiart.png\",\"contentUrl\":\"https:\/\/www.fiart.com\/wp-content\/uploads\/2022\/09\/logo-fiart.png\",\"width\":233,\"height\":36,\"caption\":\"Fiart Mare\"},\"image\":{\"@id\":\"https:\/\/www.fiart.com\/#\/schema\/logo\/image\/\"},\"sameAs\":[\"https:\/\/www.facebook.com\/fiartmare\",\"https:\/\/www.instagram.com\/fiartmare\/\",\"https:\/\/www.linkedin.com\/company\/fiart-spa\/\",\"https:\/\/www.youtube.com\/channel\/UCD5FCXKqq1l4CZfs9dELKZQ\"]},{\"@type\":\"Person\",\"@id\":\"https:\/\/www.fiart.com\/#\/schema\/person\/6e65d6aa29e6a45a56f5ce5b9095e29e\",\"name\":\"Giorgia Landolfi\",\"image\":{\"@type\":\"ImageObject\",\"inLanguage\":\"fr-FR\",\"@id\":\"https:\/\/www.fiart.com\/#\/schema\/person\/image\/\",\"url\":\"https:\/\/secure.gravatar.com\/avatar\/972851f825908035834cdf2667da442ad1e8154cbb4ae8863da699b6d78c6c6d?s=96&d=mm&r=g\",\"contentUrl\":\"https:\/\/secure.gravatar.com\/avatar\/972851f825908035834cdf2667da442ad1e8154cbb4ae8863da699b6d78c6c6d?s=96&d=mm&r=g\",\"caption\":\"Giorgia Landolfi\"},\"url\":\"https:\/\/www.fiart.com\/fr\/author\/giorgia\/\"}]}<\/script>\n<!-- \/ Yoast SEO plugin. -->","yoast_head_json":{"title":"Fiart pr\u00e9sente le Seawalker 43 Panorama - Fiart Mare","description":"A l\u2019occasion du Salon nautique de Cannes 2023, nous sommes fiers de vous pr\u00e9senter notre dernier bijou\u00a0: le Seawalker 43 Panorama.","robots":{"index":"index","follow":"follow","max-snippet":"max-snippet:-1","max-image-preview":"max-image-preview:large","max-video-preview":"max-video-preview:-1"},"canonical":"https:\/\/www.fiart.com\/fr\/fiart-presente-le-seawalker-43-panorama\/","og_locale":"fr_FR","og_type":"article","og_title":"Fiart pr\u00e9sente le Seawalker 43 Panorama - Fiart Mare","og_description":"A l\u2019occasion du Salon nautique de Cannes 2023, nous sommes fiers de vous pr\u00e9senter notre dernier bijou\u00a0: le Seawalker 43 Panorama.","og_url":"https:\/\/www.fiart.com\/fr\/fiart-presente-le-seawalker-43-panorama\/","og_site_name":"Fiart Mare","article_publisher":"https:\/\/www.facebook.com\/fiartmare","article_published_time":"2023-07-20T07:19:58+00:00","article_modified_time":"2023-07-20T07:20:01+00:00","og_image":[{"width":1810,"height":2560,"url":"https:\/\/www.fiart.com\/wp-content\/uploads\/2023\/07\/Seawalker-43-panorama-1-scaled.jpg","type":"image\/jpeg"}],"author":"Giorgia Landolfi","twitter_card":"summary_large_image","twitter_misc":{"\u00c9crit par":"Giorgia Landolfi","Dur\u00e9e de lecture estim\u00e9e":"3 minutes"},"schema":{"@context":"https:\/\/schema.org","@graph":[{"@type":"Article","@id":"https:\/\/www.fiart.com\/fr\/fiart-presente-le-seawalker-43-panorama\/#article","isPartOf":{"@id":"https:\/\/www.fiart.com\/fr\/fiart-presente-le-seawalker-43-panorama\/"},"author":{"name":"Giorgia Landolfi","@id":"https:\/\/www.fiart.com\/#\/schema\/person\/6e65d6aa29e6a45a56f5ce5b9095e29e"},"headline":"Fiart pr\u00e9sente le Seawalker 43 Panorama","datePublished":"2023-07-20T07:19:58+00:00","dateModified":"2023-07-20T07:20:01+00:00","mainEntityOfPage":{"@id":"https:\/\/www.fiart.com\/fr\/fiart-presente-le-seawalker-43-panorama\/"},"wordCount":436,"commentCount":0,"publisher":{"@id":"https:\/\/www.fiart.com\/#organization"},"articleSection":["des expositions"],"inLanguage":"fr-FR","potentialAction":[{"@type":"CommentAction","name":"Comment","target":["https:\/\/www.fiart.com\/fr\/fiart-presente-le-seawalker-43-panorama\/#respond"]}]},{"@type":"WebPage","@id":"https:\/\/www.fiart.com\/fr\/fiart-presente-le-seawalker-43-panorama\/","url":"https:\/\/www.fiart.com\/fr\/fiart-presente-le-seawalker-43-panorama\/","name":"Fiart pr\u00e9sente le Seawalker 43 Panorama - Fiart Mare","isPartOf":{"@id":"https:\/\/www.fiart.com\/#website"},"datePublished":"2023-07-20T07:19:58+00:00","dateModified":"2023-07-20T07:20:01+00:00","description":"A l\u2019occasion du Salon nautique de Cannes 2023, nous sommes fiers de vous pr\u00e9senter notre dernier bijou\u00a0: le Seawalker 43 Panorama.","breadcrumb":{"@id":"https:\/\/www.fiart.com\/fr\/fiart-presente-le-seawalker-43-panorama\/#breadcrumb"},"inLanguage":"fr-FR","potentialAction":[{"@type":"ReadAction","target":["https:\/\/www.fiart.com\/fr\/fiart-presente-le-seawalker-43-panorama\/"]}]},{"@type":"BreadcrumbList","@id":"https:\/\/www.fiart.com\/fr\/fiart-presente-le-seawalker-43-panorama\/#breadcrumb","itemListElement":[{"@type":"ListItem","position":1,"name":"Home","item":"https:\/\/www.fiart.com\/fr\/"},{"@type":"ListItem","position":2,"name":"Fiart pr\u00e9sente le Seawalker 43 Panorama"}]},{"@type":"WebSite","@id":"https:\/\/www.fiart.com\/#website","url":"https:\/\/www.fiart.com\/","name":"Fiart Mare","description":"","publisher":{"@id":"https:\/\/www.fiart.com\/#organization"},"potentialAction":[{"@type":"SearchAction","target":{"@type":"EntryPoint","urlTemplate":"https:\/\/www.fiart.com\/?s={search_term_string}"},"query-input":"required name=search_term_string"}],"inLanguage":"fr-FR"},{"@type":"Organization","@id":"https:\/\/www.fiart.com\/#organization","name":"Fiart Mare","url":"https:\/\/www.fiart.com\/","logo":{"@type":"ImageObject","inLanguage":"fr-FR","@id":"https:\/\/www.fiart.com\/#\/schema\/logo\/image\/","url":"https:\/\/www.fiart.com\/wp-content\/uploads\/2022\/09\/logo-fiart.png","contentUrl":"https:\/\/www.fiart.com\/wp-content\/uploads\/2022\/09\/logo-fiart.png","width":233,"height":36,"caption":"Fiart Mare"},"image":{"@id":"https:\/\/www.fiart.com\/#\/schema\/logo\/image\/"},"sameAs":["https:\/\/www.facebook.com\/fiartmare","https:\/\/www.instagram.com\/fiartmare\/","https:\/\/www.linkedin.com\/company\/fiart-spa\/","https:\/\/www.youtube.com\/channel\/UCD5FCXKqq1l4CZfs9dELKZQ"]},{"@type":"Person","@id":"https:\/\/www.fiart.com\/#\/schema\/person\/6e65d6aa29e6a45a56f5ce5b9095e29e","name":"Giorgia Landolfi","image":{"@type":"ImageObject","inLanguage":"fr-FR","@id":"https:\/\/www.fiart.com\/#\/schema\/person\/image\/","url":"https:\/\/secure.gravatar.com\/avatar\/972851f825908035834cdf2667da442ad1e8154cbb4ae8863da699b6d78c6c6d?s=96&d=mm&r=g","contentUrl":"https:\/\/secure.gravatar.com\/avatar\/972851f825908035834cdf2667da442ad1e8154cbb4ae8863da699b6d78c6c6d?s=96&d=mm&r=g","caption":"Giorgia Landolfi"},"url":"https:\/\/www.fiart.com\/fr\/author\/giorgia\/"}]}},"_links":{"self":[{"href":"https:\/\/www.fiart.com\/fr\/wp-json\/wp\/v2\/posts\/3153","targetHints":{"allow":["GET"]}}],"collection":[{"href":"https:\/\/www.fiart.com\/fr\/wp-json\/wp\/v2\/posts"}],"about":[{"href":"https:\/\/www.fiart.com\/fr\/wp-json\/wp\/v2\/types\/post"}],"author":[{"embeddable":true,"href":"https:\/\/www.fiart.com\/fr\/wp-json\/wp\/v2\/users\/3"}],"replies":[{"embeddable":true,"href":"https:\/\/www.fiart.com\/fr\/wp-json\/wp\/v2\/comments?post=3153"}],"version-history":[{"count":1,"href":"https:\/\/www.fiart.com\/fr\/wp-json\/wp\/v2\/posts\/3153\/revisions"}],"predecessor-version":[{"id":3154,"href":"https:\/\/www.fiart.com\/fr\/wp-json\/wp\/v2\/posts\/3153\/revisions\/3154"}],"wp:featuredmedia":[{"embeddable":true,"href":"https:\/\/www.fiart.com\/fr\/wp-json\/wp\/v2\/media\/3149"}],"wp:attachment":[{"href":"https:\/\/www.fiart.com\/fr\/wp-json\/wp\/v2\/media?parent=3153"}],"wp:term":[{"taxonomy":"category","embeddable":true,"href":"https:\/\/www.fiart.com\/fr\/wp-json\/wp\/v2\/categories?post=3153"},{"taxonomy":"post_tag","embeddable":true,"href":"https:\/\/www.fiart.com\/fr\/wp-json\/wp\/v2\/tags?post=3153"}],"curies":[{"name":"wp","href":"https:\/\/api.w.org\/{rel}","templated":true}]}}