{"id":3004,"date":"2023-06-20T13:25:27","date_gmt":"2023-06-20T13:25:27","guid":{"rendered":"https:\/\/www.fiart.com\/?p=3004"},"modified":"2023-06-20T13:28:22","modified_gmt":"2023-06-20T13:28:22","slug":"fiart-academy-une-ecole-pour-former-les-professionnels-du-nautisme-de-demain","status":"publish","type":"post","link":"https:\/\/www.fiart.com\/fr\/fiart-academy-une-ecole-pour-former-les-professionnels-du-nautisme-de-demain\/","title":{"rendered":"Fiart Academy, une \u00e9cole pour former les professionnels du nautisme de demain"},"content":{"rendered":"\n<p><\/p>\n\n\n\n<p>Nous sommes heureux d\u2019annoncer que la <strong>Fiart Academy<\/strong>, \u00e9cole de formation intitul\u00e9e \u00e0 Ruggiero de Luggo, fondateur de notre chantier et p\u00e8re de la nautique italienne, est aujourd\u2019hui une r\u00e9alit\u00e9 concr\u00e8te.<\/p>\n\n\n\n<p>Il y a quelques jours en effet, le si\u00e8ge de l\u2019\u00e9cole a \u00e9t\u00e9 officiellement inaugur\u00e9 dans notre \u00e9tablissement de Baia, en pr\u00e9sence du CEO <strong>Giancarlo de Luggo<\/strong>, des autorit\u00e9s locales et des employ\u00e9s.<\/p>\n\n\n\n<p>L\u2019honneur de baptiser l\u2019\u00e9cole revient \u00e0 <strong>Marco Vertecchi,<\/strong> coach comportemental et conseiller d\u00e9l\u00e9gu\u00e9 chez Fiart.<\/p>\n\n\n\n<p>&#8220;Notre secteur offre des possibilit\u00e9s d\u2019emploi int\u00e9ressantes et un environnement de travail stimulant, qui, j\u2019en suis s\u00fbr, peut ouvrir de nouvelles perspectives \u00e0 de nombreux jeunes.&#8221; est le commentaire de Marco Vertecchi &#8220;Le but de notre Acad\u00e9mie est de d\u00e9couvrir de nouveaux talents, de les former et de les introduire dans le monde du travail, en leur offrant la possibilit\u00e9 d\u2019\u00e9tudier et de d\u00e9montrer leurs capacit\u00e9s.&#8221;<\/p>\n\n\n\n<p>Engagement, d\u00e9vouement, passion qui sont devenus une r\u00e9alit\u00e9 solide au fil des ans.<\/p>\n\n\n<div class=\"wp-block-image\">\n<figure class=\"aligncenter size-large\"><img loading=\"lazy\" decoding=\"async\" width=\"1024\" height=\"576\" src=\"https:\/\/www.fiart.com\/wp-content\/uploads\/2023\/06\/IMG_3514-1024x576.jpg\" alt=\"\" class=\"wp-image-2999\" srcset=\"https:\/\/www.fiart.com\/wp-content\/uploads\/2023\/06\/IMG_3514-1024x576.jpg 1024w, https:\/\/www.fiart.com\/wp-content\/uploads\/2023\/06\/IMG_3514-300x169.jpg 300w, https:\/\/www.fiart.com\/wp-content\/uploads\/2023\/06\/IMG_3514-768x432.jpg 768w, https:\/\/www.fiart.com\/wp-content\/uploads\/2023\/06\/IMG_3514-1536x864.jpg 1536w, https:\/\/www.fiart.com\/wp-content\/uploads\/2023\/06\/IMG_3514-2048x1152.jpg 2048w\" sizes=\"auto, (max-width: 1024px) 100vw, 1024px\" \/><\/figure>\n<\/div>\n\n\n<p>Les premiers cours, consacr\u00e9s \u00e0 la formation interne, ont d\u00e9j\u00e0 commenc\u00e9. Gr\u00e2ce \u00e0 la collaboration avec les institutions locales et \u00e0 une \u00e9quipe de formateurs de haut niveau, nos employ\u00e9s abordent tous les vendredis des th\u00e8mes li\u00e9s \u00e0 la s\u00e9curit\u00e9 dans le domaine nautique et des processus de production, au marketing et au d\u00e9veloppement.<\/p>\n\n\n\n<p>L\u2019exp\u00e9rience Fiart est \u00e9galement \u00e0 la disposition des enfants de nos employ\u00e9s, dans un continuum qui veut t\u00e9moigner de la profonde gratitude de la propri\u00e9t\u00e9 et du managment envers ceux qui ont rendu possible la croissance et le d\u00e9veloppement de l\u2019entreprise dans ses plus de soixante ans d\u2019histoire.<\/p>\n\n\n\n<p>La Fiart Academy est une fondation \u00e0 but non lucratif, qui regarde avec attention et une participation vivante m\u00eame \u00e0 l\u2019ext\u00e9rieur, dans le territoire o\u00f9 elle est ins\u00e9r\u00e9e et o\u00f9 tr\u00e8s souvent le malaise, en particulier chez les jeunes, est fort.<\/p>\n\n\n\n<p>C\u2019est pourquoi nous avons sign\u00e9 un accord avec la R\u00e9gion Campanie dans le cadre du projet GOL, le <strong>programme &#8220;Garantie d\u2019Employabilit\u00e9 des Travailleurs<\/strong>&#8221; pr\u00e9vu par le Plan National de Reprise et R\u00e9silience (PNRR), dans le cadre des politiques actives pour le travail et la formation.<\/p>\n\n\n\n<p>Gr\u00e2ce \u00e0 cet accord de septembre, des cours sp\u00e9ciaux d\u2019une dur\u00e9e d\u2019environ six mois, orient\u00e9s vers les diff\u00e9rents processus de production li\u00e9s \u00e0 la conception et \u00e0 la construction de yachts, tels que l\u2019\u00e9lectronique de bord, la menuiserie, la m\u00e9canique, sans n\u00e9gliger la gestion d\u2019entreprise, avec des possibilit\u00e9s concr\u00e8tes d\u2019insertion professionnelle \u00e0 la fin de la formation.<\/p>\n\n\n\n<p>Les meilleurs auront \u00e9galement la possibilit\u00e9 de suivre gratuitement un cours pour l\u2019obtention du permis nautique pour devenir skipper, un r\u00eave pour beaucoup de jeunes, une occasion unique pour tout le territoire.<\/p>\n","protected":false},"excerpt":{"rendered":"<p>Nous sommes heureux d\u2019annoncer que la Fiart Academy, \u00e9cole de formation intitul\u00e9e \u00e0 Ruggiero de Luggo, fondateur de notre chantier et p\u00e8re de la nautique italienne, est aujourd\u2019hui une r\u00e9alit\u00e9 concr\u00e8te. Il y a quelques jours en effet, le si\u00e8ge de l\u2019\u00e9cole a \u00e9t\u00e9 officiellement inaugur\u00e9 dans notre \u00e9tablissement de Baia, en pr\u00e9sence du CEO &hellip; <a href=\"https:\/\/www.fiart.com\/fr\/fiart-academy-une-ecole-pour-former-les-professionnels-du-nautisme-de-demain\/\" class=\"more-link\"><\/a><\/p>\n","protected":false},"author":3,"featured_media":3002,"comment_status":"open","ping_status":"open","sticky":true,"template":"","format":"standard","meta":{"footnotes":""},"categories":[162],"tags":[],"class_list":["post-3004","post","type-post","status-publish","format-standard","has-post-thumbnail","hentry","category-company-fr"],"acf":[],"yoast_head":"<!-- This site is optimized with the Yoast SEO plugin v22.1 - https:\/\/yoast.com\/wordpress\/plugins\/seo\/ -->\n<title>Fiart Academy, une \u00e9cole pour former les professionnels du nautisme de demain<\/title>\n<meta name=\"description\" content=\"Il y a quelques jours en effet, le si\u00e8ge de l\u2019\u00e9cole a \u00e9t\u00e9 officiellement inaugur\u00e9 dans notre \u00e9tablissement de Baia, en pr\u00e9sence du CEO Giancarlo de Luggo, des autorit\u00e9s locales et des employ\u00e9s.\" \/>\n<meta name=\"robots\" content=\"index, follow, max-snippet:-1, max-image-preview:large, max-video-preview:-1\" \/>\n<link rel=\"canonical\" href=\"https:\/\/www.fiart.com\/fr\/fiart-academy-une-ecole-pour-former-les-professionnels-du-nautisme-de-demain\/\" \/>\n<meta property=\"og:locale\" content=\"fr_FR\" \/>\n<meta property=\"og:type\" content=\"article\" \/>\n<meta property=\"og:title\" content=\"Fiart Academy, une \u00e9cole pour former les professionnels du nautisme de demain\" \/>\n<meta property=\"og:description\" content=\"Il y a quelques jours en effet, le si\u00e8ge de l\u2019\u00e9cole a \u00e9t\u00e9 officiellement inaugur\u00e9 dans notre \u00e9tablissement de Baia, en pr\u00e9sence du CEO Giancarlo de Luggo, des autorit\u00e9s locales et des employ\u00e9s.\" \/>\n<meta property=\"og:url\" content=\"https:\/\/www.fiart.com\/fr\/fiart-academy-une-ecole-pour-former-les-professionnels-du-nautisme-de-demain\/\" \/>\n<meta property=\"og:site_name\" content=\"Fiart Mare\" \/>\n<meta property=\"article:publisher\" content=\"https:\/\/www.facebook.com\/fiartmare\" \/>\n<meta property=\"article:published_time\" content=\"2023-06-20T13:25:27+00:00\" \/>\n<meta property=\"article:modified_time\" content=\"2023-06-20T13:28:22+00:00\" \/>\n<meta property=\"og:image\" content=\"https:\/\/www.fiart.com\/wp-content\/uploads\/2023\/06\/ABC_2333-1-scaled.jpg\" \/>\n\t<meta property=\"og:image:width\" content=\"2560\" \/>\n\t<meta property=\"og:image:height\" content=\"1709\" \/>\n\t<meta property=\"og:image:type\" content=\"image\/jpeg\" \/>\n<meta name=\"author\" content=\"Giorgia Landolfi\" \/>\n<meta name=\"twitter:card\" content=\"summary_large_image\" \/>\n<meta name=\"twitter:label1\" content=\"\u00c9crit par\" \/>\n\t<meta name=\"twitter:data1\" content=\"Giorgia Landolfi\" \/>\n\t<meta name=\"twitter:label2\" content=\"Dur\u00e9e de lecture estim\u00e9e\" \/>\n\t<meta name=\"twitter:data2\" content=\"3 minutes\" \/>\n<script type=\"application\/ld+json\" class=\"yoast-schema-graph\">{\"@context\":\"https:\/\/schema.org\",\"@graph\":[{\"@type\":\"Article\",\"@id\":\"https:\/\/www.fiart.com\/fr\/fiart-academy-une-ecole-pour-former-les-professionnels-du-nautisme-de-demain\/#article\",\"isPartOf\":{\"@id\":\"https:\/\/www.fiart.com\/fr\/fiart-academy-une-ecole-pour-former-les-professionnels-du-nautisme-de-demain\/\"},\"author\":{\"name\":\"Giorgia Landolfi\",\"@id\":\"https:\/\/www.fiart.com\/#\/schema\/person\/6e65d6aa29e6a45a56f5ce5b9095e29e\"},\"headline\":\"Fiart Academy, une \u00e9cole pour former les professionnels du nautisme de demain\",\"datePublished\":\"2023-06-20T13:25:27+00:00\",\"dateModified\":\"2023-06-20T13:28:22+00:00\",\"mainEntityOfPage\":{\"@id\":\"https:\/\/www.fiart.com\/fr\/fiart-academy-une-ecole-pour-former-les-professionnels-du-nautisme-de-demain\/\"},\"wordCount\":504,\"commentCount\":0,\"publisher\":{\"@id\":\"https:\/\/www.fiart.com\/#organization\"},\"articleSection\":[\"Company\"],\"inLanguage\":\"fr-FR\",\"potentialAction\":[{\"@type\":\"CommentAction\",\"name\":\"Comment\",\"target\":[\"https:\/\/www.fiart.com\/fr\/fiart-academy-une-ecole-pour-former-les-professionnels-du-nautisme-de-demain\/#respond\"]}]},{\"@type\":\"WebPage\",\"@id\":\"https:\/\/www.fiart.com\/fr\/fiart-academy-une-ecole-pour-former-les-professionnels-du-nautisme-de-demain\/\",\"url\":\"https:\/\/www.fiart.com\/fr\/fiart-academy-une-ecole-pour-former-les-professionnels-du-nautisme-de-demain\/\",\"name\":\"Fiart Academy, une \u00e9cole pour former les professionnels du nautisme de demain\",\"isPartOf\":{\"@id\":\"https:\/\/www.fiart.com\/#website\"},\"datePublished\":\"2023-06-20T13:25:27+00:00\",\"dateModified\":\"2023-06-20T13:28:22+00:00\",\"description\":\"Il y a quelques jours en effet, le si\u00e8ge de l\u2019\u00e9cole a \u00e9t\u00e9 officiellement inaugur\u00e9 dans notre \u00e9tablissement de Baia, en pr\u00e9sence du CEO Giancarlo de Luggo, des autorit\u00e9s locales et des employ\u00e9s.\",\"breadcrumb\":{\"@id\":\"https:\/\/www.fiart.com\/fr\/fiart-academy-une-ecole-pour-former-les-professionnels-du-nautisme-de-demain\/#breadcrumb\"},\"inLanguage\":\"fr-FR\",\"potentialAction\":[{\"@type\":\"ReadAction\",\"target\":[\"https:\/\/www.fiart.com\/fr\/fiart-academy-une-ecole-pour-former-les-professionnels-du-nautisme-de-demain\/\"]}]},{\"@type\":\"BreadcrumbList\",\"@id\":\"https:\/\/www.fiart.com\/fr\/fiart-academy-une-ecole-pour-former-les-professionnels-du-nautisme-de-demain\/#breadcrumb\",\"itemListElement\":[{\"@type\":\"ListItem\",\"position\":1,\"name\":\"Home\",\"item\":\"https:\/\/www.fiart.com\/fr\/\"},{\"@type\":\"ListItem\",\"position\":2,\"name\":\"Fiart Academy, une \u00e9cole pour former les professionnels du nautisme de demain\"}]},{\"@type\":\"WebSite\",\"@id\":\"https:\/\/www.fiart.com\/#website\",\"url\":\"https:\/\/www.fiart.com\/\",\"name\":\"Fiart Mare\",\"description\":\"\",\"publisher\":{\"@id\":\"https:\/\/www.fiart.com\/#organization\"},\"potentialAction\":[{\"@type\":\"SearchAction\",\"target\":{\"@type\":\"EntryPoint\",\"urlTemplate\":\"https:\/\/www.fiart.com\/?s={search_term_string}\"},\"query-input\":\"required name=search_term_string\"}],\"inLanguage\":\"fr-FR\"},{\"@type\":\"Organization\",\"@id\":\"https:\/\/www.fiart.com\/#organization\",\"name\":\"Fiart Mare\",\"url\":\"https:\/\/www.fiart.com\/\",\"logo\":{\"@type\":\"ImageObject\",\"inLanguage\":\"fr-FR\",\"@id\":\"https:\/\/www.fiart.com\/#\/schema\/logo\/image\/\",\"url\":\"https:\/\/www.fiart.com\/wp-content\/uploads\/2022\/09\/logo-fiart.png\",\"contentUrl\":\"https:\/\/www.fiart.com\/wp-content\/uploads\/2022\/09\/logo-fiart.png\",\"width\":233,\"height\":36,\"caption\":\"Fiart Mare\"},\"image\":{\"@id\":\"https:\/\/www.fiart.com\/#\/schema\/logo\/image\/\"},\"sameAs\":[\"https:\/\/www.facebook.com\/fiartmare\",\"https:\/\/www.instagram.com\/fiartmare\/\",\"https:\/\/www.linkedin.com\/company\/fiart-spa\/\",\"https:\/\/www.youtube.com\/channel\/UCD5FCXKqq1l4CZfs9dELKZQ\"]},{\"@type\":\"Person\",\"@id\":\"https:\/\/www.fiart.com\/#\/schema\/person\/6e65d6aa29e6a45a56f5ce5b9095e29e\",\"name\":\"Giorgia Landolfi\",\"image\":{\"@type\":\"ImageObject\",\"inLanguage\":\"fr-FR\",\"@id\":\"https:\/\/www.fiart.com\/#\/schema\/person\/image\/\",\"url\":\"https:\/\/secure.gravatar.com\/avatar\/972851f825908035834cdf2667da442ad1e8154cbb4ae8863da699b6d78c6c6d?s=96&d=mm&r=g\",\"contentUrl\":\"https:\/\/secure.gravatar.com\/avatar\/972851f825908035834cdf2667da442ad1e8154cbb4ae8863da699b6d78c6c6d?s=96&d=mm&r=g\",\"caption\":\"Giorgia Landolfi\"},\"url\":\"https:\/\/www.fiart.com\/fr\/author\/giorgia\/\"}]}<\/script>\n<!-- \/ Yoast SEO plugin. -->","yoast_head_json":{"title":"Fiart Academy, une \u00e9cole pour former les professionnels du nautisme de demain","description":"Il y a quelques jours en effet, le si\u00e8ge de l\u2019\u00e9cole a \u00e9t\u00e9 officiellement inaugur\u00e9 dans notre \u00e9tablissement de Baia, en pr\u00e9sence du CEO Giancarlo de Luggo, des autorit\u00e9s locales et des employ\u00e9s.","robots":{"index":"index","follow":"follow","max-snippet":"max-snippet:-1","max-image-preview":"max-image-preview:large","max-video-preview":"max-video-preview:-1"},"canonical":"https:\/\/www.fiart.com\/fr\/fiart-academy-une-ecole-pour-former-les-professionnels-du-nautisme-de-demain\/","og_locale":"fr_FR","og_type":"article","og_title":"Fiart Academy, une \u00e9cole pour former les professionnels du nautisme de demain","og_description":"Il y a quelques jours en effet, le si\u00e8ge de l\u2019\u00e9cole a \u00e9t\u00e9 officiellement inaugur\u00e9 dans notre \u00e9tablissement de Baia, en pr\u00e9sence du CEO Giancarlo de Luggo, des autorit\u00e9s locales et des employ\u00e9s.","og_url":"https:\/\/www.fiart.com\/fr\/fiart-academy-une-ecole-pour-former-les-professionnels-du-nautisme-de-demain\/","og_site_name":"Fiart Mare","article_publisher":"https:\/\/www.facebook.com\/fiartmare","article_published_time":"2023-06-20T13:25:27+00:00","article_modified_time":"2023-06-20T13:28:22+00:00","og_image":[{"width":2560,"height":1709,"url":"https:\/\/www.fiart.com\/wp-content\/uploads\/2023\/06\/ABC_2333-1-scaled.jpg","type":"image\/jpeg"}],"author":"Giorgia Landolfi","twitter_card":"summary_large_image","twitter_misc":{"\u00c9crit par":"Giorgia Landolfi","Dur\u00e9e de lecture estim\u00e9e":"3 minutes"},"schema":{"@context":"https:\/\/schema.org","@graph":[{"@type":"Article","@id":"https:\/\/www.fiart.com\/fr\/fiart-academy-une-ecole-pour-former-les-professionnels-du-nautisme-de-demain\/#article","isPartOf":{"@id":"https:\/\/www.fiart.com\/fr\/fiart-academy-une-ecole-pour-former-les-professionnels-du-nautisme-de-demain\/"},"author":{"name":"Giorgia Landolfi","@id":"https:\/\/www.fiart.com\/#\/schema\/person\/6e65d6aa29e6a45a56f5ce5b9095e29e"},"headline":"Fiart Academy, une \u00e9cole pour former les professionnels du nautisme de demain","datePublished":"2023-06-20T13:25:27+00:00","dateModified":"2023-06-20T13:28:22+00:00","mainEntityOfPage":{"@id":"https:\/\/www.fiart.com\/fr\/fiart-academy-une-ecole-pour-former-les-professionnels-du-nautisme-de-demain\/"},"wordCount":504,"commentCount":0,"publisher":{"@id":"https:\/\/www.fiart.com\/#organization"},"articleSection":["Company"],"inLanguage":"fr-FR","potentialAction":[{"@type":"CommentAction","name":"Comment","target":["https:\/\/www.fiart.com\/fr\/fiart-academy-une-ecole-pour-former-les-professionnels-du-nautisme-de-demain\/#respond"]}]},{"@type":"WebPage","@id":"https:\/\/www.fiart.com\/fr\/fiart-academy-une-ecole-pour-former-les-professionnels-du-nautisme-de-demain\/","url":"https:\/\/www.fiart.com\/fr\/fiart-academy-une-ecole-pour-former-les-professionnels-du-nautisme-de-demain\/","name":"Fiart Academy, une \u00e9cole pour former les professionnels du nautisme de demain","isPartOf":{"@id":"https:\/\/www.fiart.com\/#website"},"datePublished":"2023-06-20T13:25:27+00:00","dateModified":"2023-06-20T13:28:22+00:00","description":"Il y a quelques jours en effet, le si\u00e8ge de l\u2019\u00e9cole a \u00e9t\u00e9 officiellement inaugur\u00e9 dans notre \u00e9tablissement de Baia, en pr\u00e9sence du CEO Giancarlo de Luggo, des autorit\u00e9s locales et des employ\u00e9s.","breadcrumb":{"@id":"https:\/\/www.fiart.com\/fr\/fiart-academy-une-ecole-pour-former-les-professionnels-du-nautisme-de-demain\/#breadcrumb"},"inLanguage":"fr-FR","potentialAction":[{"@type":"ReadAction","target":["https:\/\/www.fiart.com\/fr\/fiart-academy-une-ecole-pour-former-les-professionnels-du-nautisme-de-demain\/"]}]},{"@type":"BreadcrumbList","@id":"https:\/\/www.fiart.com\/fr\/fiart-academy-une-ecole-pour-former-les-professionnels-du-nautisme-de-demain\/#breadcrumb","itemListElement":[{"@type":"ListItem","position":1,"name":"Home","item":"https:\/\/www.fiart.com\/fr\/"},{"@type":"ListItem","position":2,"name":"Fiart Academy, une \u00e9cole pour former les professionnels du nautisme de demain"}]},{"@type":"WebSite","@id":"https:\/\/www.fiart.com\/#website","url":"https:\/\/www.fiart.com\/","name":"Fiart Mare","description":"","publisher":{"@id":"https:\/\/www.fiart.com\/#organization"},"potentialAction":[{"@type":"SearchAction","target":{"@type":"EntryPoint","urlTemplate":"https:\/\/www.fiart.com\/?s={search_term_string}"},"query-input":"required name=search_term_string"}],"inLanguage":"fr-FR"},{"@type":"Organization","@id":"https:\/\/www.fiart.com\/#organization","name":"Fiart Mare","url":"https:\/\/www.fiart.com\/","logo":{"@type":"ImageObject","inLanguage":"fr-FR","@id":"https:\/\/www.fiart.com\/#\/schema\/logo\/image\/","url":"https:\/\/www.fiart.com\/wp-content\/uploads\/2022\/09\/logo-fiart.png","contentUrl":"https:\/\/www.fiart.com\/wp-content\/uploads\/2022\/09\/logo-fiart.png","width":233,"height":36,"caption":"Fiart Mare"},"image":{"@id":"https:\/\/www.fiart.com\/#\/schema\/logo\/image\/"},"sameAs":["https:\/\/www.facebook.com\/fiartmare","https:\/\/www.instagram.com\/fiartmare\/","https:\/\/www.linkedin.com\/company\/fiart-spa\/","https:\/\/www.youtube.com\/channel\/UCD5FCXKqq1l4CZfs9dELKZQ"]},{"@type":"Person","@id":"https:\/\/www.fiart.com\/#\/schema\/person\/6e65d6aa29e6a45a56f5ce5b9095e29e","name":"Giorgia Landolfi","image":{"@type":"ImageObject","inLanguage":"fr-FR","@id":"https:\/\/www.fiart.com\/#\/schema\/person\/image\/","url":"https:\/\/secure.gravatar.com\/avatar\/972851f825908035834cdf2667da442ad1e8154cbb4ae8863da699b6d78c6c6d?s=96&d=mm&r=g","contentUrl":"https:\/\/secure.gravatar.com\/avatar\/972851f825908035834cdf2667da442ad1e8154cbb4ae8863da699b6d78c6c6d?s=96&d=mm&r=g","caption":"Giorgia Landolfi"},"url":"https:\/\/www.fiart.com\/fr\/author\/giorgia\/"}]}},"_links":{"self":[{"href":"https:\/\/www.fiart.com\/fr\/wp-json\/wp\/v2\/posts\/3004","targetHints":{"allow":["GET"]}}],"collection":[{"href":"https:\/\/www.fiart.com\/fr\/wp-json\/wp\/v2\/posts"}],"about":[{"href":"https:\/\/www.fiart.com\/fr\/wp-json\/wp\/v2\/types\/post"}],"author":[{"embeddable":true,"href":"https:\/\/www.fiart.com\/fr\/wp-json\/wp\/v2\/users\/3"}],"replies":[{"embeddable":true,"href":"https:\/\/www.fiart.com\/fr\/wp-json\/wp\/v2\/comments?post=3004"}],"version-history":[{"count":1,"href":"https:\/\/www.fiart.com\/fr\/wp-json\/wp\/v2\/posts\/3004\/revisions"}],"predecessor-version":[{"id":3005,"href":"https:\/\/www.fiart.com\/fr\/wp-json\/wp\/v2\/posts\/3004\/revisions\/3005"}],"wp:featuredmedia":[{"embeddable":true,"href":"https:\/\/www.fiart.com\/fr\/wp-json\/wp\/v2\/media\/3002"}],"wp:attachment":[{"href":"https:\/\/www.fiart.com\/fr\/wp-json\/wp\/v2\/media?parent=3004"}],"wp:term":[{"taxonomy":"category","embeddable":true,"href":"https:\/\/www.fiart.com\/fr\/wp-json\/wp\/v2\/categories?post=3004"},{"taxonomy":"post_tag","embeddable":true,"href":"https:\/\/www.fiart.com\/fr\/wp-json\/wp\/v2\/tags?post=3004"}],"curies":[{"name":"wp","href":"https:\/\/api.w.org\/{rel}","templated":true}]}}