{"id":2991,"date":"2023-05-18T13:26:35","date_gmt":"2023-05-18T13:26:35","guid":{"rendered":"https:\/\/www.fiart.com\/?p=2991"},"modified":"2023-05-22T12:44:31","modified_gmt":"2023-05-22T12:44:31","slug":"fiart-partie-de-laccord-entre-confindustria-nautica-et-union-industriels-de-naples","status":"publish","type":"post","link":"https:\/\/www.fiart.com\/fr\/fiart-partie-de-laccord-entre-confindustria-nautica-et-union-industriels-de-naples\/","title":{"rendered":"Fiart partie de l\u2019accord entre Confindustria Nautica et Union Industriels de Naples"},"content":{"rendered":"\n<p>Notre Naples est l\u2019un des plus importants p\u00f4les italiens de la nautique. L\u2019accord entre Confindustria Nautica et Union Industrielles Naples sign\u00e9e vendredi 12&nbsp;mai, entend renforcer les synergies entre l\u2019Association nationale de secteur et la plus repr\u00e9sentative territoriale de Confindustria dans le Mezzogiorno.<\/p>\n\n\n\n<p>Dans ce Fiart est acteur protagoniste en tant que repr\u00e9sent\u00e9e dans le Conseil G\u00e9n\u00e9ral de Confindustria Nautica par Giulio Grimaldi comme Conseiller G\u00e9n\u00e9ral et comme D\u00e9l\u00e9gu\u00e9 au D\u00e9veloppement Associatif en R\u00e9gion Campanie et dans le domaine de l\u2019Union Industriels Fiart a la vice-pr\u00e9sidence de Naples dans le secteur de la construction navale navale, toujours en la personne de Giulio Grimaldi.<\/p>\n\n\n\n<p>Fiart a acquis, au fil des ans, un r\u00f4le de trade union dans les deux associations et donc a favoris\u00e9 et contribu\u00e9 positivement \u00e0 la r\u00e9alisation de l\u2019objectif de la convention et se fera promotrice d\u2019initiatives qui permettront de reconna\u00eetre en Confindustria le lieu o\u00f9 les entreprises du secteur pourront s\u2019associer, partager des th\u00e8mes, des services.<\/p>\n\n\n\n<h2 class=\"wp-block-heading\">Une mani\u00e8re vertueuse, autoris\u00e9e et saine de faire des associations<\/h2>\n\n\n\n<p>Nous sommes tr\u00e8s fiers de l\u2019accord et des objectifs partag\u00e9s, nous nous engageons pour la promotion nationale de nos excellences, pour leur internationalisation croissante, pour l\u2019organisation de collectifs aux principaux salons nautiques internationaux et l\u2019exposition des entreprises de Campanie au Salon de G\u00eanes.<\/p>\n\n\n\n<p>En photos, de gauche \u00e0 droite<\/p>\n\n\n\n<ul class=\"wp-block-list\">\n<li>Roberto Neglia &#8211; Confindustria Nautica &#8211; Responsable Affaires Institutionnelles<\/li>\n\n\n\n<li>Costanzo Jannotti Pecci &#8211; Pr\u00e9sident de l\u2019Union Industrielle de Naples<\/li>\n\n\n\n<li>Marina Stella &#8211; Directeur G\u00e9n\u00e9ral Confindustria Nautica<\/li>\n\n\n\n<li>Saverio Cecchi &#8211; Pr\u00e9sident de la Confindustria Nautica<\/li>\n\n\n\n<li>Marco Monsurr\u00f2 &#8211; CEO Coelmo<\/li>\n\n\n\n<li>Giulio Grimaldi &#8211; CFO de Fiart Mare S.p.A., Conseiller G\u00e9n\u00e9ral de Confindustria Nautica et Vice-Pr\u00e9sident Union Industriels de Naples<\/li>\n<\/ul>\n","protected":false},"excerpt":{"rendered":"<p>Notre Naples est l\u2019un des plus importants p\u00f4les italiens de la nautique. L\u2019accord entre Confindustria Nautica et Union Industrielles Naples sign\u00e9e vendredi 12&nbsp;mai, entend renforcer les synergies entre l\u2019Association nationale de secteur et la plus repr\u00e9sentative territoriale de Confindustria dans le Mezzogiorno. Dans ce Fiart est acteur protagoniste en tant que repr\u00e9sent\u00e9e dans le Conseil &hellip; <a href=\"https:\/\/www.fiart.com\/fr\/fiart-partie-de-laccord-entre-confindustria-nautica-et-union-industriels-de-naples\/\" class=\"more-link\"><\/a><\/p>\n","protected":false},"author":3,"featured_media":2986,"comment_status":"open","ping_status":"open","sticky":true,"template":"","format":"standard","meta":{"footnotes":""},"categories":[162,51],"tags":[],"class_list":["post-2991","post","type-post","status-publish","format-standard","has-post-thumbnail","hentry","category-company-fr","category-des-expositions"],"acf":[],"yoast_head":"<!-- This site is optimized with the Yoast SEO plugin v22.1 - https:\/\/yoast.com\/wordpress\/plugins\/seo\/ -->\n<title>Fiart partie de l\u2019accord entre Confindustria Nautica et Union Industriels de Naples<\/title>\n<meta name=\"description\" content=\"Nous sommes tr\u00e8s fiers de l\u2019accord et des objectifs partag\u00e9s, nous nous engageons pour la promotion nationale de nos excellences!\" \/>\n<meta name=\"robots\" content=\"index, follow, max-snippet:-1, max-image-preview:large, max-video-preview:-1\" \/>\n<link rel=\"canonical\" href=\"https:\/\/www.fiart.com\/fr\/fiart-partie-de-laccord-entre-confindustria-nautica-et-union-industriels-de-naples\/\" \/>\n<meta property=\"og:locale\" content=\"fr_FR\" \/>\n<meta property=\"og:type\" content=\"article\" \/>\n<meta property=\"og:title\" content=\"Fiart partie de l\u2019accord entre Confindustria Nautica et Union Industriels de Naples\" \/>\n<meta property=\"og:description\" content=\"Nous sommes tr\u00e8s fiers de l\u2019accord et des objectifs partag\u00e9s, nous nous engageons pour la promotion nationale de nos excellences!\" \/>\n<meta property=\"og:url\" content=\"https:\/\/www.fiart.com\/fr\/fiart-partie-de-laccord-entre-confindustria-nautica-et-union-industriels-de-naples\/\" \/>\n<meta property=\"og:site_name\" content=\"Fiart Mare\" \/>\n<meta property=\"article:publisher\" content=\"https:\/\/www.facebook.com\/fiartmare\" \/>\n<meta property=\"article:published_time\" content=\"2023-05-18T13:26:35+00:00\" \/>\n<meta property=\"article:modified_time\" content=\"2023-05-22T12:44:31+00:00\" \/>\n<meta property=\"og:image\" content=\"https:\/\/www.fiart.com\/wp-content\/uploads\/2023\/05\/image.jpeg\" \/>\n\t<meta property=\"og:image:width\" content=\"1099\" \/>\n\t<meta property=\"og:image:height\" content=\"1029\" \/>\n\t<meta property=\"og:image:type\" content=\"image\/jpeg\" \/>\n<meta name=\"author\" content=\"Giorgia Landolfi\" \/>\n<meta name=\"twitter:card\" content=\"summary_large_image\" \/>\n<meta name=\"twitter:label1\" content=\"\u00c9crit par\" \/>\n\t<meta name=\"twitter:data1\" content=\"Giorgia Landolfi\" \/>\n\t<meta name=\"twitter:label2\" content=\"Dur\u00e9e de lecture estim\u00e9e\" \/>\n\t<meta name=\"twitter:data2\" content=\"2 minutes\" \/>\n<script type=\"application\/ld+json\" class=\"yoast-schema-graph\">{\"@context\":\"https:\/\/schema.org\",\"@graph\":[{\"@type\":\"Article\",\"@id\":\"https:\/\/www.fiart.com\/fr\/fiart-partie-de-laccord-entre-confindustria-nautica-et-union-industriels-de-naples\/#article\",\"isPartOf\":{\"@id\":\"https:\/\/www.fiart.com\/fr\/fiart-partie-de-laccord-entre-confindustria-nautica-et-union-industriels-de-naples\/\"},\"author\":{\"name\":\"Giorgia Landolfi\",\"@id\":\"https:\/\/www.fiart.com\/#\/schema\/person\/6e65d6aa29e6a45a56f5ce5b9095e29e\"},\"headline\":\"Fiart partie de l\u2019accord entre Confindustria Nautica et Union Industriels de Naples\",\"datePublished\":\"2023-05-18T13:26:35+00:00\",\"dateModified\":\"2023-05-22T12:44:31+00:00\",\"mainEntityOfPage\":{\"@id\":\"https:\/\/www.fiart.com\/fr\/fiart-partie-de-laccord-entre-confindustria-nautica-et-union-industriels-de-naples\/\"},\"wordCount\":330,\"commentCount\":0,\"publisher\":{\"@id\":\"https:\/\/www.fiart.com\/#organization\"},\"articleSection\":[\"Company\",\"des expositions\"],\"inLanguage\":\"fr-FR\",\"potentialAction\":[{\"@type\":\"CommentAction\",\"name\":\"Comment\",\"target\":[\"https:\/\/www.fiart.com\/fr\/fiart-partie-de-laccord-entre-confindustria-nautica-et-union-industriels-de-naples\/#respond\"]}]},{\"@type\":\"WebPage\",\"@id\":\"https:\/\/www.fiart.com\/fr\/fiart-partie-de-laccord-entre-confindustria-nautica-et-union-industriels-de-naples\/\",\"url\":\"https:\/\/www.fiart.com\/fr\/fiart-partie-de-laccord-entre-confindustria-nautica-et-union-industriels-de-naples\/\",\"name\":\"Fiart partie de l\u2019accord entre Confindustria Nautica et Union Industriels de Naples\",\"isPartOf\":{\"@id\":\"https:\/\/www.fiart.com\/#website\"},\"datePublished\":\"2023-05-18T13:26:35+00:00\",\"dateModified\":\"2023-05-22T12:44:31+00:00\",\"description\":\"Nous sommes tr\u00e8s fiers de l\u2019accord et des objectifs partag\u00e9s, nous nous engageons pour la promotion nationale de nos excellences!\",\"breadcrumb\":{\"@id\":\"https:\/\/www.fiart.com\/fr\/fiart-partie-de-laccord-entre-confindustria-nautica-et-union-industriels-de-naples\/#breadcrumb\"},\"inLanguage\":\"fr-FR\",\"potentialAction\":[{\"@type\":\"ReadAction\",\"target\":[\"https:\/\/www.fiart.com\/fr\/fiart-partie-de-laccord-entre-confindustria-nautica-et-union-industriels-de-naples\/\"]}]},{\"@type\":\"BreadcrumbList\",\"@id\":\"https:\/\/www.fiart.com\/fr\/fiart-partie-de-laccord-entre-confindustria-nautica-et-union-industriels-de-naples\/#breadcrumb\",\"itemListElement\":[{\"@type\":\"ListItem\",\"position\":1,\"name\":\"Home\",\"item\":\"https:\/\/www.fiart.com\/fr\/\"},{\"@type\":\"ListItem\",\"position\":2,\"name\":\"Fiart partie de l\u2019accord entre Confindustria Nautica et Union Industriels de Naples\"}]},{\"@type\":\"WebSite\",\"@id\":\"https:\/\/www.fiart.com\/#website\",\"url\":\"https:\/\/www.fiart.com\/\",\"name\":\"Fiart Mare\",\"description\":\"\",\"publisher\":{\"@id\":\"https:\/\/www.fiart.com\/#organization\"},\"potentialAction\":[{\"@type\":\"SearchAction\",\"target\":{\"@type\":\"EntryPoint\",\"urlTemplate\":\"https:\/\/www.fiart.com\/?s={search_term_string}\"},\"query-input\":\"required name=search_term_string\"}],\"inLanguage\":\"fr-FR\"},{\"@type\":\"Organization\",\"@id\":\"https:\/\/www.fiart.com\/#organization\",\"name\":\"Fiart Mare\",\"url\":\"https:\/\/www.fiart.com\/\",\"logo\":{\"@type\":\"ImageObject\",\"inLanguage\":\"fr-FR\",\"@id\":\"https:\/\/www.fiart.com\/#\/schema\/logo\/image\/\",\"url\":\"https:\/\/www.fiart.com\/wp-content\/uploads\/2022\/09\/logo-fiart.png\",\"contentUrl\":\"https:\/\/www.fiart.com\/wp-content\/uploads\/2022\/09\/logo-fiart.png\",\"width\":233,\"height\":36,\"caption\":\"Fiart Mare\"},\"image\":{\"@id\":\"https:\/\/www.fiart.com\/#\/schema\/logo\/image\/\"},\"sameAs\":[\"https:\/\/www.facebook.com\/fiartmare\",\"https:\/\/www.instagram.com\/fiartmare\/\",\"https:\/\/www.linkedin.com\/company\/fiart-spa\/\",\"https:\/\/www.youtube.com\/channel\/UCD5FCXKqq1l4CZfs9dELKZQ\"]},{\"@type\":\"Person\",\"@id\":\"https:\/\/www.fiart.com\/#\/schema\/person\/6e65d6aa29e6a45a56f5ce5b9095e29e\",\"name\":\"Giorgia Landolfi\",\"image\":{\"@type\":\"ImageObject\",\"inLanguage\":\"fr-FR\",\"@id\":\"https:\/\/www.fiart.com\/#\/schema\/person\/image\/\",\"url\":\"https:\/\/secure.gravatar.com\/avatar\/972851f825908035834cdf2667da442ad1e8154cbb4ae8863da699b6d78c6c6d?s=96&d=mm&r=g\",\"contentUrl\":\"https:\/\/secure.gravatar.com\/avatar\/972851f825908035834cdf2667da442ad1e8154cbb4ae8863da699b6d78c6c6d?s=96&d=mm&r=g\",\"caption\":\"Giorgia Landolfi\"},\"url\":\"https:\/\/www.fiart.com\/fr\/author\/giorgia\/\"}]}<\/script>\n<!-- \/ Yoast SEO plugin. -->","yoast_head_json":{"title":"Fiart partie de l\u2019accord entre Confindustria Nautica et Union Industriels de Naples","description":"Nous sommes tr\u00e8s fiers de l\u2019accord et des objectifs partag\u00e9s, nous nous engageons pour la promotion nationale de nos excellences!","robots":{"index":"index","follow":"follow","max-snippet":"max-snippet:-1","max-image-preview":"max-image-preview:large","max-video-preview":"max-video-preview:-1"},"canonical":"https:\/\/www.fiart.com\/fr\/fiart-partie-de-laccord-entre-confindustria-nautica-et-union-industriels-de-naples\/","og_locale":"fr_FR","og_type":"article","og_title":"Fiart partie de l\u2019accord entre Confindustria Nautica et Union Industriels de Naples","og_description":"Nous sommes tr\u00e8s fiers de l\u2019accord et des objectifs partag\u00e9s, nous nous engageons pour la promotion nationale de nos excellences!","og_url":"https:\/\/www.fiart.com\/fr\/fiart-partie-de-laccord-entre-confindustria-nautica-et-union-industriels-de-naples\/","og_site_name":"Fiart Mare","article_publisher":"https:\/\/www.facebook.com\/fiartmare","article_published_time":"2023-05-18T13:26:35+00:00","article_modified_time":"2023-05-22T12:44:31+00:00","og_image":[{"width":1099,"height":1029,"url":"https:\/\/www.fiart.com\/wp-content\/uploads\/2023\/05\/image.jpeg","type":"image\/jpeg"}],"author":"Giorgia Landolfi","twitter_card":"summary_large_image","twitter_misc":{"\u00c9crit par":"Giorgia Landolfi","Dur\u00e9e de lecture estim\u00e9e":"2 minutes"},"schema":{"@context":"https:\/\/schema.org","@graph":[{"@type":"Article","@id":"https:\/\/www.fiart.com\/fr\/fiart-partie-de-laccord-entre-confindustria-nautica-et-union-industriels-de-naples\/#article","isPartOf":{"@id":"https:\/\/www.fiart.com\/fr\/fiart-partie-de-laccord-entre-confindustria-nautica-et-union-industriels-de-naples\/"},"author":{"name":"Giorgia Landolfi","@id":"https:\/\/www.fiart.com\/#\/schema\/person\/6e65d6aa29e6a45a56f5ce5b9095e29e"},"headline":"Fiart partie de l\u2019accord entre Confindustria Nautica et Union Industriels de Naples","datePublished":"2023-05-18T13:26:35+00:00","dateModified":"2023-05-22T12:44:31+00:00","mainEntityOfPage":{"@id":"https:\/\/www.fiart.com\/fr\/fiart-partie-de-laccord-entre-confindustria-nautica-et-union-industriels-de-naples\/"},"wordCount":330,"commentCount":0,"publisher":{"@id":"https:\/\/www.fiart.com\/#organization"},"articleSection":["Company","des expositions"],"inLanguage":"fr-FR","potentialAction":[{"@type":"CommentAction","name":"Comment","target":["https:\/\/www.fiart.com\/fr\/fiart-partie-de-laccord-entre-confindustria-nautica-et-union-industriels-de-naples\/#respond"]}]},{"@type":"WebPage","@id":"https:\/\/www.fiart.com\/fr\/fiart-partie-de-laccord-entre-confindustria-nautica-et-union-industriels-de-naples\/","url":"https:\/\/www.fiart.com\/fr\/fiart-partie-de-laccord-entre-confindustria-nautica-et-union-industriels-de-naples\/","name":"Fiart partie de l\u2019accord entre Confindustria Nautica et Union Industriels de Naples","isPartOf":{"@id":"https:\/\/www.fiart.com\/#website"},"datePublished":"2023-05-18T13:26:35+00:00","dateModified":"2023-05-22T12:44:31+00:00","description":"Nous sommes tr\u00e8s fiers de l\u2019accord et des objectifs partag\u00e9s, nous nous engageons pour la promotion nationale de nos excellences!","breadcrumb":{"@id":"https:\/\/www.fiart.com\/fr\/fiart-partie-de-laccord-entre-confindustria-nautica-et-union-industriels-de-naples\/#breadcrumb"},"inLanguage":"fr-FR","potentialAction":[{"@type":"ReadAction","target":["https:\/\/www.fiart.com\/fr\/fiart-partie-de-laccord-entre-confindustria-nautica-et-union-industriels-de-naples\/"]}]},{"@type":"BreadcrumbList","@id":"https:\/\/www.fiart.com\/fr\/fiart-partie-de-laccord-entre-confindustria-nautica-et-union-industriels-de-naples\/#breadcrumb","itemListElement":[{"@type":"ListItem","position":1,"name":"Home","item":"https:\/\/www.fiart.com\/fr\/"},{"@type":"ListItem","position":2,"name":"Fiart partie de l\u2019accord entre Confindustria Nautica et Union Industriels de Naples"}]},{"@type":"WebSite","@id":"https:\/\/www.fiart.com\/#website","url":"https:\/\/www.fiart.com\/","name":"Fiart Mare","description":"","publisher":{"@id":"https:\/\/www.fiart.com\/#organization"},"potentialAction":[{"@type":"SearchAction","target":{"@type":"EntryPoint","urlTemplate":"https:\/\/www.fiart.com\/?s={search_term_string}"},"query-input":"required name=search_term_string"}],"inLanguage":"fr-FR"},{"@type":"Organization","@id":"https:\/\/www.fiart.com\/#organization","name":"Fiart Mare","url":"https:\/\/www.fiart.com\/","logo":{"@type":"ImageObject","inLanguage":"fr-FR","@id":"https:\/\/www.fiart.com\/#\/schema\/logo\/image\/","url":"https:\/\/www.fiart.com\/wp-content\/uploads\/2022\/09\/logo-fiart.png","contentUrl":"https:\/\/www.fiart.com\/wp-content\/uploads\/2022\/09\/logo-fiart.png","width":233,"height":36,"caption":"Fiart Mare"},"image":{"@id":"https:\/\/www.fiart.com\/#\/schema\/logo\/image\/"},"sameAs":["https:\/\/www.facebook.com\/fiartmare","https:\/\/www.instagram.com\/fiartmare\/","https:\/\/www.linkedin.com\/company\/fiart-spa\/","https:\/\/www.youtube.com\/channel\/UCD5FCXKqq1l4CZfs9dELKZQ"]},{"@type":"Person","@id":"https:\/\/www.fiart.com\/#\/schema\/person\/6e65d6aa29e6a45a56f5ce5b9095e29e","name":"Giorgia Landolfi","image":{"@type":"ImageObject","inLanguage":"fr-FR","@id":"https:\/\/www.fiart.com\/#\/schema\/person\/image\/","url":"https:\/\/secure.gravatar.com\/avatar\/972851f825908035834cdf2667da442ad1e8154cbb4ae8863da699b6d78c6c6d?s=96&d=mm&r=g","contentUrl":"https:\/\/secure.gravatar.com\/avatar\/972851f825908035834cdf2667da442ad1e8154cbb4ae8863da699b6d78c6c6d?s=96&d=mm&r=g","caption":"Giorgia Landolfi"},"url":"https:\/\/www.fiart.com\/fr\/author\/giorgia\/"}]}},"_links":{"self":[{"href":"https:\/\/www.fiart.com\/fr\/wp-json\/wp\/v2\/posts\/2991","targetHints":{"allow":["GET"]}}],"collection":[{"href":"https:\/\/www.fiart.com\/fr\/wp-json\/wp\/v2\/posts"}],"about":[{"href":"https:\/\/www.fiart.com\/fr\/wp-json\/wp\/v2\/types\/post"}],"author":[{"embeddable":true,"href":"https:\/\/www.fiart.com\/fr\/wp-json\/wp\/v2\/users\/3"}],"replies":[{"embeddable":true,"href":"https:\/\/www.fiart.com\/fr\/wp-json\/wp\/v2\/comments?post=2991"}],"version-history":[{"count":1,"href":"https:\/\/www.fiart.com\/fr\/wp-json\/wp\/v2\/posts\/2991\/revisions"}],"predecessor-version":[{"id":2992,"href":"https:\/\/www.fiart.com\/fr\/wp-json\/wp\/v2\/posts\/2991\/revisions\/2992"}],"wp:featuredmedia":[{"embeddable":true,"href":"https:\/\/www.fiart.com\/fr\/wp-json\/wp\/v2\/media\/2986"}],"wp:attachment":[{"href":"https:\/\/www.fiart.com\/fr\/wp-json\/wp\/v2\/media?parent=2991"}],"wp:term":[{"taxonomy":"category","embeddable":true,"href":"https:\/\/www.fiart.com\/fr\/wp-json\/wp\/v2\/categories?post=2991"},{"taxonomy":"post_tag","embeddable":true,"href":"https:\/\/www.fiart.com\/fr\/wp-json\/wp\/v2\/tags?post=2991"}],"curies":[{"name":"wp","href":"https:\/\/api.w.org\/{rel}","templated":true}]}}