{"id":2949,"date":"2023-04-20T09:53:03","date_gmt":"2023-04-20T09:53:03","guid":{"rendered":"https:\/\/www.fiart.com\/?p=2949"},"modified":"2023-04-21T09:54:18","modified_gmt":"2023-04-21T09:54:18","slug":"fiart-au-salon-international-du-bateau-de-palma","status":"publish","type":"post","link":"https:\/\/www.fiart.com\/fr\/fiart-au-salon-international-du-bateau-de-palma\/","title":{"rendered":"Fiart au Salon international du bateau de Palma"},"content":{"rendered":"\n<p>Pour Fiart, le printemps 2023 est plac\u00e9 sous le signe de la consolidation sur les march\u00e9s \u00e9trangers, avec une pr\u00e9sence de plus en plus marqu\u00e9e et capillaire dans les salons professionnels les plus prestigieux.<\/p>\n\n\n\n<p>Le prochain rendez-vous \u00e0 l\u2019\u00e9tranger est pr\u00e9vu pour le Palma International Boat Show, qui se tiendra sur la charmante \u00eele de Palma de Mallorca, du 27 au 30&nbsp;avril.<\/p>\n\n\n\n<figure class=\"wp-block-image size-large\"><img loading=\"lazy\" decoding=\"async\" width=\"1024\" height=\"675\" src=\"https:\/\/www.fiart.com\/wp-content\/uploads\/2023\/04\/Palma_Boat_Show-1-1024x675.webp\" alt=\"\" class=\"wp-image-2943\" srcset=\"https:\/\/www.fiart.com\/wp-content\/uploads\/2023\/04\/Palma_Boat_Show-1-1024x675.webp 1024w, https:\/\/www.fiart.com\/wp-content\/uploads\/2023\/04\/Palma_Boat_Show-1-300x198.webp 300w, https:\/\/www.fiart.com\/wp-content\/uploads\/2023\/04\/Palma_Boat_Show-1-768x506.webp 768w, https:\/\/www.fiart.com\/wp-content\/uploads\/2023\/04\/Palma_Boat_Show-1-1536x1013.webp 1536w, https:\/\/www.fiart.com\/wp-content\/uploads\/2023\/04\/Palma_Boat_Show-1.webp 1900w\" sizes=\"auto, (max-width: 1024px) 100vw, 1024px\" \/><\/figure>\n\n\n\n<p>Situ\u00e9 dans le port de Palma \u00e0 La Llonja, dans un cadre spectaculaire face \u00e0 la cath\u00e9drale, cet \u00e9v\u00e9nement confirme une importante opportunit\u00e9 de networking et une vitrine exclusive pour permettre au march\u00e9 espagnol d\u2019appr\u00e9cier nos bateaux.<\/p>\n\n\n\n<p>Nous serons en exposition avec notre partenaire espagnol Probrava Group, leader dans le secteur de la plaisance en Espagne et dans les \u00eeles Bal\u00e9ares, pour pr\u00e9senter au public le <a href=\"https:\/\/www.fiart.com\/seawalker-39\/\">Seawalker 39,<\/a> \u00e9galement disponible pour des essais en mer sur le stand M-9 \/ M-10 \/ M-11.<\/p>\n\n\n\n<h2 class=\"wp-block-heading\">Seawalker, le fer de lance Fiart<\/h2>\n\n\n\n<p>Dans ces rendez-vous internationaux, la gamme Seawalker continue d\u2019\u00eatre protagoniste, avec ses mod\u00e8les walkaround extr\u00eamement polyvalents, soign\u00e9s dans les d\u00e9tails, confortables, sportifs et rapides.<\/p>\n\n\n\n<p>Des bateaux qui conqui\u00e8rent au premier coup d\u2019\u0153il et offrent des moments inoubliables en mer, aussi bien dans les g\u00e9n\u00e9reux espaces ext\u00e9rieurs con\u00e7us pour la convivialit\u00e9 que dans les espaces int\u00e9rieurs, capables de garantir aux propri\u00e9taires et \u00e0 leurs h\u00f4tes intimit\u00e9, confort, intimit\u00e9 et divertissement.<\/p>\n\n\n<div class=\"wp-block-image\">\n<figure class=\"aligncenter size-large\"><img loading=\"lazy\" decoding=\"async\" width=\"1024\" height=\"683\" src=\"https:\/\/www.fiart.com\/wp-content\/uploads\/2023\/04\/2-2-1024x683.jpg\" alt=\"\" class=\"wp-image-2947\" srcset=\"https:\/\/www.fiart.com\/wp-content\/uploads\/2023\/04\/2-2-1024x683.jpg 1024w, https:\/\/www.fiart.com\/wp-content\/uploads\/2023\/04\/2-2-300x200.jpg 300w, https:\/\/www.fiart.com\/wp-content\/uploads\/2023\/04\/2-2-768x512.jpg 768w, https:\/\/www.fiart.com\/wp-content\/uploads\/2023\/04\/2-2-1536x1024.jpg 1536w, https:\/\/www.fiart.com\/wp-content\/uploads\/2023\/04\/2-2-2048x1365.jpg 2048w\" sizes=\"auto, (max-width: 1024px) 100vw, 1024px\" \/><figcaption class=\"wp-element-caption\">Processed with VSCO with a1 preset<\/figcaption><\/figure>\n<\/div>\n\n\n<p>Toute la gamme de yachts Seawalker Fiart est personnalisable dans le choix de couleurs et de d\u00e9cors pr\u00e9f\u00e9r\u00e9s pour l\u2019int\u00e9rieur, l\u2019ext\u00e9rieur et la coque, en s\u2019appuyant sur les nombreuses options propos\u00e9es par le chantier.<\/p>\n","protected":false},"excerpt":{"rendered":"<p>Pour Fiart, le printemps 2023 est plac\u00e9 sous le signe de la consolidation sur les march\u00e9s \u00e9trangers, avec une pr\u00e9sence de plus en plus marqu\u00e9e et capillaire dans les salons professionnels les plus prestigieux. Le prochain rendez-vous \u00e0 l\u2019\u00e9tranger est pr\u00e9vu pour le Palma International Boat Show, qui se tiendra sur la charmante \u00eele de &hellip; <a href=\"https:\/\/www.fiart.com\/fr\/fiart-au-salon-international-du-bateau-de-palma\/\" class=\"more-link\"><\/a><\/p>\n","protected":false},"author":3,"featured_media":2913,"comment_status":"open","ping_status":"open","sticky":false,"template":"","format":"standard","meta":{"footnotes":""},"categories":[51],"tags":[],"class_list":["post-2949","post","type-post","status-publish","format-standard","has-post-thumbnail","hentry","category-des-expositions"],"acf":[],"yoast_head":"<!-- This site is optimized with the Yoast SEO plugin v22.1 - https:\/\/yoast.com\/wordpress\/plugins\/seo\/ -->\n<title>Fiart au Salon international du bateau de Palma - Fiart Mare<\/title>\n<meta name=\"robots\" content=\"index, follow, max-snippet:-1, max-image-preview:large, max-video-preview:-1\" \/>\n<link rel=\"canonical\" href=\"https:\/\/www.fiart.com\/fr\/fiart-au-salon-international-du-bateau-de-palma\/\" \/>\n<meta property=\"og:locale\" content=\"fr_FR\" \/>\n<meta property=\"og:type\" content=\"article\" \/>\n<meta property=\"og:title\" content=\"Fiart au Salon international du bateau de Palma - Fiart Mare\" \/>\n<meta property=\"og:description\" content=\"Pour Fiart, le printemps 2023 est plac\u00e9 sous le signe de la consolidation sur les march\u00e9s \u00e9trangers, avec une pr\u00e9sence de plus en plus marqu\u00e9e et capillaire dans les salons professionnels les plus prestigieux. Le prochain rendez-vous \u00e0 l\u2019\u00e9tranger est pr\u00e9vu pour le Palma International Boat Show, qui se tiendra sur la charmante \u00eele de &hellip;\" \/>\n<meta property=\"og:url\" content=\"https:\/\/www.fiart.com\/fr\/fiart-au-salon-international-du-bateau-de-palma\/\" \/>\n<meta property=\"og:site_name\" content=\"Fiart Mare\" \/>\n<meta property=\"article:publisher\" content=\"https:\/\/www.facebook.com\/fiartmare\" \/>\n<meta property=\"article:published_time\" content=\"2023-04-20T09:53:03+00:00\" \/>\n<meta property=\"article:modified_time\" content=\"2023-04-21T09:54:18+00:00\" \/>\n<meta property=\"og:image\" content=\"https:\/\/www.fiart.com\/wp-content\/uploads\/2023\/04\/foto-invito-1-scaled.jpg\" \/>\n\t<meta property=\"og:image:width\" content=\"2560\" \/>\n\t<meta property=\"og:image:height\" content=\"1752\" \/>\n\t<meta property=\"og:image:type\" content=\"image\/jpeg\" \/>\n<meta name=\"author\" content=\"Giorgia Landolfi\" \/>\n<meta name=\"twitter:card\" content=\"summary_large_image\" \/>\n<meta name=\"twitter:label1\" content=\"\u00c9crit par\" \/>\n\t<meta name=\"twitter:data1\" content=\"Giorgia Landolfi\" \/>\n\t<meta name=\"twitter:label2\" content=\"Dur\u00e9e de lecture estim\u00e9e\" \/>\n\t<meta name=\"twitter:data2\" content=\"2 minutes\" \/>\n<script type=\"application\/ld+json\" class=\"yoast-schema-graph\">{\"@context\":\"https:\/\/schema.org\",\"@graph\":[{\"@type\":\"Article\",\"@id\":\"https:\/\/www.fiart.com\/fr\/fiart-au-salon-international-du-bateau-de-palma\/#article\",\"isPartOf\":{\"@id\":\"https:\/\/www.fiart.com\/fr\/fiart-au-salon-international-du-bateau-de-palma\/\"},\"author\":{\"name\":\"Giorgia Landolfi\",\"@id\":\"https:\/\/www.fiart.com\/#\/schema\/person\/6e65d6aa29e6a45a56f5ce5b9095e29e\"},\"headline\":\"Fiart au Salon international du bateau de Palma\",\"datePublished\":\"2023-04-20T09:53:03+00:00\",\"dateModified\":\"2023-04-21T09:54:18+00:00\",\"mainEntityOfPage\":{\"@id\":\"https:\/\/www.fiart.com\/fr\/fiart-au-salon-international-du-bateau-de-palma\/\"},\"wordCount\":295,\"commentCount\":0,\"publisher\":{\"@id\":\"https:\/\/www.fiart.com\/#organization\"},\"articleSection\":[\"des expositions\"],\"inLanguage\":\"fr-FR\",\"potentialAction\":[{\"@type\":\"CommentAction\",\"name\":\"Comment\",\"target\":[\"https:\/\/www.fiart.com\/fr\/fiart-au-salon-international-du-bateau-de-palma\/#respond\"]}]},{\"@type\":\"WebPage\",\"@id\":\"https:\/\/www.fiart.com\/fr\/fiart-au-salon-international-du-bateau-de-palma\/\",\"url\":\"https:\/\/www.fiart.com\/fr\/fiart-au-salon-international-du-bateau-de-palma\/\",\"name\":\"Fiart au Salon international du bateau de Palma - Fiart Mare\",\"isPartOf\":{\"@id\":\"https:\/\/www.fiart.com\/#website\"},\"datePublished\":\"2023-04-20T09:53:03+00:00\",\"dateModified\":\"2023-04-21T09:54:18+00:00\",\"breadcrumb\":{\"@id\":\"https:\/\/www.fiart.com\/fr\/fiart-au-salon-international-du-bateau-de-palma\/#breadcrumb\"},\"inLanguage\":\"fr-FR\",\"potentialAction\":[{\"@type\":\"ReadAction\",\"target\":[\"https:\/\/www.fiart.com\/fr\/fiart-au-salon-international-du-bateau-de-palma\/\"]}]},{\"@type\":\"BreadcrumbList\",\"@id\":\"https:\/\/www.fiart.com\/fr\/fiart-au-salon-international-du-bateau-de-palma\/#breadcrumb\",\"itemListElement\":[{\"@type\":\"ListItem\",\"position\":1,\"name\":\"Home\",\"item\":\"https:\/\/www.fiart.com\/fr\/\"},{\"@type\":\"ListItem\",\"position\":2,\"name\":\"Fiart au Salon international du bateau de Palma\"}]},{\"@type\":\"WebSite\",\"@id\":\"https:\/\/www.fiart.com\/#website\",\"url\":\"https:\/\/www.fiart.com\/\",\"name\":\"Fiart Mare\",\"description\":\"\",\"publisher\":{\"@id\":\"https:\/\/www.fiart.com\/#organization\"},\"potentialAction\":[{\"@type\":\"SearchAction\",\"target\":{\"@type\":\"EntryPoint\",\"urlTemplate\":\"https:\/\/www.fiart.com\/?s={search_term_string}\"},\"query-input\":\"required name=search_term_string\"}],\"inLanguage\":\"fr-FR\"},{\"@type\":\"Organization\",\"@id\":\"https:\/\/www.fiart.com\/#organization\",\"name\":\"Fiart Mare\",\"url\":\"https:\/\/www.fiart.com\/\",\"logo\":{\"@type\":\"ImageObject\",\"inLanguage\":\"fr-FR\",\"@id\":\"https:\/\/www.fiart.com\/#\/schema\/logo\/image\/\",\"url\":\"https:\/\/www.fiart.com\/wp-content\/uploads\/2022\/09\/logo-fiart.png\",\"contentUrl\":\"https:\/\/www.fiart.com\/wp-content\/uploads\/2022\/09\/logo-fiart.png\",\"width\":233,\"height\":36,\"caption\":\"Fiart Mare\"},\"image\":{\"@id\":\"https:\/\/www.fiart.com\/#\/schema\/logo\/image\/\"},\"sameAs\":[\"https:\/\/www.facebook.com\/fiartmare\",\"https:\/\/www.instagram.com\/fiartmare\/\",\"https:\/\/www.linkedin.com\/company\/fiart-spa\/\",\"https:\/\/www.youtube.com\/channel\/UCD5FCXKqq1l4CZfs9dELKZQ\"]},{\"@type\":\"Person\",\"@id\":\"https:\/\/www.fiart.com\/#\/schema\/person\/6e65d6aa29e6a45a56f5ce5b9095e29e\",\"name\":\"Giorgia Landolfi\",\"image\":{\"@type\":\"ImageObject\",\"inLanguage\":\"fr-FR\",\"@id\":\"https:\/\/www.fiart.com\/#\/schema\/person\/image\/\",\"url\":\"https:\/\/secure.gravatar.com\/avatar\/972851f825908035834cdf2667da442ad1e8154cbb4ae8863da699b6d78c6c6d?s=96&d=mm&r=g\",\"contentUrl\":\"https:\/\/secure.gravatar.com\/avatar\/972851f825908035834cdf2667da442ad1e8154cbb4ae8863da699b6d78c6c6d?s=96&d=mm&r=g\",\"caption\":\"Giorgia Landolfi\"},\"url\":\"https:\/\/www.fiart.com\/fr\/author\/giorgia\/\"}]}<\/script>\n<!-- \/ Yoast SEO plugin. -->","yoast_head_json":{"title":"Fiart au Salon international du bateau de Palma - Fiart Mare","robots":{"index":"index","follow":"follow","max-snippet":"max-snippet:-1","max-image-preview":"max-image-preview:large","max-video-preview":"max-video-preview:-1"},"canonical":"https:\/\/www.fiart.com\/fr\/fiart-au-salon-international-du-bateau-de-palma\/","og_locale":"fr_FR","og_type":"article","og_title":"Fiart au Salon international du bateau de Palma - Fiart Mare","og_description":"Pour Fiart, le printemps 2023 est plac\u00e9 sous le signe de la consolidation sur les march\u00e9s \u00e9trangers, avec une pr\u00e9sence de plus en plus marqu\u00e9e et capillaire dans les salons professionnels les plus prestigieux. Le prochain rendez-vous \u00e0 l\u2019\u00e9tranger est pr\u00e9vu pour le Palma International Boat Show, qui se tiendra sur la charmante \u00eele de &hellip;","og_url":"https:\/\/www.fiart.com\/fr\/fiart-au-salon-international-du-bateau-de-palma\/","og_site_name":"Fiart Mare","article_publisher":"https:\/\/www.facebook.com\/fiartmare","article_published_time":"2023-04-20T09:53:03+00:00","article_modified_time":"2023-04-21T09:54:18+00:00","og_image":[{"width":2560,"height":1752,"url":"https:\/\/www.fiart.com\/wp-content\/uploads\/2023\/04\/foto-invito-1-scaled.jpg","type":"image\/jpeg"}],"author":"Giorgia Landolfi","twitter_card":"summary_large_image","twitter_misc":{"\u00c9crit par":"Giorgia Landolfi","Dur\u00e9e de lecture estim\u00e9e":"2 minutes"},"schema":{"@context":"https:\/\/schema.org","@graph":[{"@type":"Article","@id":"https:\/\/www.fiart.com\/fr\/fiart-au-salon-international-du-bateau-de-palma\/#article","isPartOf":{"@id":"https:\/\/www.fiart.com\/fr\/fiart-au-salon-international-du-bateau-de-palma\/"},"author":{"name":"Giorgia Landolfi","@id":"https:\/\/www.fiart.com\/#\/schema\/person\/6e65d6aa29e6a45a56f5ce5b9095e29e"},"headline":"Fiart au Salon international du bateau de Palma","datePublished":"2023-04-20T09:53:03+00:00","dateModified":"2023-04-21T09:54:18+00:00","mainEntityOfPage":{"@id":"https:\/\/www.fiart.com\/fr\/fiart-au-salon-international-du-bateau-de-palma\/"},"wordCount":295,"commentCount":0,"publisher":{"@id":"https:\/\/www.fiart.com\/#organization"},"articleSection":["des expositions"],"inLanguage":"fr-FR","potentialAction":[{"@type":"CommentAction","name":"Comment","target":["https:\/\/www.fiart.com\/fr\/fiart-au-salon-international-du-bateau-de-palma\/#respond"]}]},{"@type":"WebPage","@id":"https:\/\/www.fiart.com\/fr\/fiart-au-salon-international-du-bateau-de-palma\/","url":"https:\/\/www.fiart.com\/fr\/fiart-au-salon-international-du-bateau-de-palma\/","name":"Fiart au Salon international du bateau de Palma - Fiart Mare","isPartOf":{"@id":"https:\/\/www.fiart.com\/#website"},"datePublished":"2023-04-20T09:53:03+00:00","dateModified":"2023-04-21T09:54:18+00:00","breadcrumb":{"@id":"https:\/\/www.fiart.com\/fr\/fiart-au-salon-international-du-bateau-de-palma\/#breadcrumb"},"inLanguage":"fr-FR","potentialAction":[{"@type":"ReadAction","target":["https:\/\/www.fiart.com\/fr\/fiart-au-salon-international-du-bateau-de-palma\/"]}]},{"@type":"BreadcrumbList","@id":"https:\/\/www.fiart.com\/fr\/fiart-au-salon-international-du-bateau-de-palma\/#breadcrumb","itemListElement":[{"@type":"ListItem","position":1,"name":"Home","item":"https:\/\/www.fiart.com\/fr\/"},{"@type":"ListItem","position":2,"name":"Fiart au Salon international du bateau de Palma"}]},{"@type":"WebSite","@id":"https:\/\/www.fiart.com\/#website","url":"https:\/\/www.fiart.com\/","name":"Fiart Mare","description":"","publisher":{"@id":"https:\/\/www.fiart.com\/#organization"},"potentialAction":[{"@type":"SearchAction","target":{"@type":"EntryPoint","urlTemplate":"https:\/\/www.fiart.com\/?s={search_term_string}"},"query-input":"required name=search_term_string"}],"inLanguage":"fr-FR"},{"@type":"Organization","@id":"https:\/\/www.fiart.com\/#organization","name":"Fiart Mare","url":"https:\/\/www.fiart.com\/","logo":{"@type":"ImageObject","inLanguage":"fr-FR","@id":"https:\/\/www.fiart.com\/#\/schema\/logo\/image\/","url":"https:\/\/www.fiart.com\/wp-content\/uploads\/2022\/09\/logo-fiart.png","contentUrl":"https:\/\/www.fiart.com\/wp-content\/uploads\/2022\/09\/logo-fiart.png","width":233,"height":36,"caption":"Fiart Mare"},"image":{"@id":"https:\/\/www.fiart.com\/#\/schema\/logo\/image\/"},"sameAs":["https:\/\/www.facebook.com\/fiartmare","https:\/\/www.instagram.com\/fiartmare\/","https:\/\/www.linkedin.com\/company\/fiart-spa\/","https:\/\/www.youtube.com\/channel\/UCD5FCXKqq1l4CZfs9dELKZQ"]},{"@type":"Person","@id":"https:\/\/www.fiart.com\/#\/schema\/person\/6e65d6aa29e6a45a56f5ce5b9095e29e","name":"Giorgia Landolfi","image":{"@type":"ImageObject","inLanguage":"fr-FR","@id":"https:\/\/www.fiart.com\/#\/schema\/person\/image\/","url":"https:\/\/secure.gravatar.com\/avatar\/972851f825908035834cdf2667da442ad1e8154cbb4ae8863da699b6d78c6c6d?s=96&d=mm&r=g","contentUrl":"https:\/\/secure.gravatar.com\/avatar\/972851f825908035834cdf2667da442ad1e8154cbb4ae8863da699b6d78c6c6d?s=96&d=mm&r=g","caption":"Giorgia Landolfi"},"url":"https:\/\/www.fiart.com\/fr\/author\/giorgia\/"}]}},"_links":{"self":[{"href":"https:\/\/www.fiart.com\/fr\/wp-json\/wp\/v2\/posts\/2949","targetHints":{"allow":["GET"]}}],"collection":[{"href":"https:\/\/www.fiart.com\/fr\/wp-json\/wp\/v2\/posts"}],"about":[{"href":"https:\/\/www.fiart.com\/fr\/wp-json\/wp\/v2\/types\/post"}],"author":[{"embeddable":true,"href":"https:\/\/www.fiart.com\/fr\/wp-json\/wp\/v2\/users\/3"}],"replies":[{"embeddable":true,"href":"https:\/\/www.fiart.com\/fr\/wp-json\/wp\/v2\/comments?post=2949"}],"version-history":[{"count":1,"href":"https:\/\/www.fiart.com\/fr\/wp-json\/wp\/v2\/posts\/2949\/revisions"}],"predecessor-version":[{"id":2950,"href":"https:\/\/www.fiart.com\/fr\/wp-json\/wp\/v2\/posts\/2949\/revisions\/2950"}],"wp:featuredmedia":[{"embeddable":true,"href":"https:\/\/www.fiart.com\/fr\/wp-json\/wp\/v2\/media\/2913"}],"wp:attachment":[{"href":"https:\/\/www.fiart.com\/fr\/wp-json\/wp\/v2\/media?parent=2949"}],"wp:term":[{"taxonomy":"category","embeddable":true,"href":"https:\/\/www.fiart.com\/fr\/wp-json\/wp\/v2\/categories?post=2949"},{"taxonomy":"post_tag","embeddable":true,"href":"https:\/\/www.fiart.com\/fr\/wp-json\/wp\/v2\/tags?post=2949"}],"curies":[{"name":"wp","href":"https:\/\/api.w.org\/{rel}","templated":true}]}}