{"id":2929,"date":"2023-04-20T09:45:19","date_gmt":"2023-04-20T09:45:19","guid":{"rendered":"https:\/\/www.fiart.com\/?p=2929"},"modified":"2023-04-21T09:54:26","modified_gmt":"2023-04-21T09:54:26","slug":"fiart-a-la-foire-nautique-de-sardaigne-2023","status":"publish","type":"post","link":"https:\/\/www.fiart.com\/fr\/fiart-a-la-foire-nautique-de-sardaigne-2023\/","title":{"rendered":"Fiart \u00e0 la Foire Nautique de Sardaigne 2023"},"content":{"rendered":"\n<p>La deuxi\u00e8me \u00e9dition de Fiera Nautica di Sardegna prendra vie cette ann\u00e9e encore dans le cadre merveilleux de la Marina di Porto Rotondo.<\/p>\n\n\n\n<p>Le rendez-vous, auquel nous participerons avec notre partenaire officiel Marina Sarda, est pr\u00e9vu du 21 au 25\u00a0avril\u00a02023.<\/p>\n\n\n<div class=\"wp-block-image\">\n<figure class=\"aligncenter size-large\"><img loading=\"lazy\" decoding=\"async\" width=\"1024\" height=\"767\" src=\"https:\/\/www.fiart.com\/wp-content\/uploads\/2023\/04\/DJI_0158-1-1024x767.jpg\" alt=\"\" class=\"wp-image-2930\" srcset=\"https:\/\/www.fiart.com\/wp-content\/uploads\/2023\/04\/DJI_0158-1-1024x767.jpg 1024w, https:\/\/www.fiart.com\/wp-content\/uploads\/2023\/04\/DJI_0158-1-300x225.jpg 300w, https:\/\/www.fiart.com\/wp-content\/uploads\/2023\/04\/DJI_0158-1-768x576.jpg 768w, https:\/\/www.fiart.com\/wp-content\/uploads\/2023\/04\/DJI_0158-1-1536x1151.jpg 1536w, https:\/\/www.fiart.com\/wp-content\/uploads\/2023\/04\/DJI_0158-1-2048x1535.jpg 2048w\" sizes=\"auto, (max-width: 1024px) 100vw, 1024px\" \/><\/figure>\n<\/div>\n\n\n<p>Nous vous attendons sur le quai principal de la Marine avec<a href=\"https:\/\/www.fiart.com\/seawalker-39\/\"> le Seawalker 39<\/a>, \u00e9galement disponible pour des essais en mer.<\/p>\n\n\n\n<h2 class=\"wp-block-heading\">Seawalker 39, l\u2019embl\u00e8me de la maison Fiart \u00e0 la foire<\/h2>\n\n\n\n<p>Pour ce prestigieux rendez-vous Made in Italy, nous avons choisi le Seawalker 39, un 12 m\u00e8tres au style incomparable, repr\u00e9sentatif de toute la gamme Seawalker.<\/p>\n\n\n\n<p>Un rendez-vous \u00e0 ne pas manquer, une occasion de d\u00e9couvrir la beaut\u00e9 de la merveilleuse Olbia, qui accueillera la foire, la Costa Smeralda \u00e0 quelques kilom\u00e8tres et la beaut\u00e9 de l\u2019arri\u00e8re-pays de la Gallura.<\/p>\n\n\n\n<p>La foire sera l\u2019occasion de passer un week-end sous le signe de la mer, du nautisme et. de Fiart!<\/p>\n","protected":false},"excerpt":{"rendered":"<p>La deuxi\u00e8me \u00e9dition de Fiera Nautica di Sardegna prendra vie cette ann\u00e9e encore dans le cadre merveilleux de la Marina di Porto Rotondo. Le rendez-vous, auquel nous participerons avec notre partenaire officiel Marina Sarda, est pr\u00e9vu du 21 au 25\u00a0avril\u00a02023. Nous vous attendons sur le quai principal de la Marine avec le Seawalker 39, \u00e9galement &hellip; <a href=\"https:\/\/www.fiart.com\/fr\/fiart-a-la-foire-nautique-de-sardaigne-2023\/\" class=\"more-link\"><\/a><\/p>\n","protected":false},"author":3,"featured_media":2926,"comment_status":"open","ping_status":"open","sticky":false,"template":"","format":"standard","meta":{"footnotes":""},"categories":[51],"tags":[],"class_list":["post-2929","post","type-post","status-publish","format-standard","has-post-thumbnail","hentry","category-des-expositions"],"acf":[],"yoast_head":"<!-- This site is optimized with the Yoast SEO plugin v22.1 - https:\/\/yoast.com\/wordpress\/plugins\/seo\/ -->\n<title>Fiart \u00e0 la Foire Nautique de Sardaigne 2023 - Fiart Mare<\/title>\n<meta name=\"description\" content=\"Le rendez-vous, auquel nous participerons avec notre partenaire officiel Marina Sarda, est pr\u00e9vu du 21 au 25\u00a0avril\u00a02023.\" \/>\n<meta name=\"robots\" content=\"index, follow, max-snippet:-1, max-image-preview:large, max-video-preview:-1\" \/>\n<link rel=\"canonical\" href=\"https:\/\/www.fiart.com\/fr\/fiart-a-la-foire-nautique-de-sardaigne-2023\/\" \/>\n<meta property=\"og:locale\" content=\"fr_FR\" \/>\n<meta property=\"og:type\" content=\"article\" \/>\n<meta property=\"og:title\" content=\"Fiart \u00e0 la Foire Nautique de Sardaigne 2023 - Fiart Mare\" \/>\n<meta property=\"og:description\" content=\"Le rendez-vous, auquel nous participerons avec notre partenaire officiel Marina Sarda, est pr\u00e9vu du 21 au 25\u00a0avril\u00a02023.\" \/>\n<meta property=\"og:url\" content=\"https:\/\/www.fiart.com\/fr\/fiart-a-la-foire-nautique-de-sardaigne-2023\/\" \/>\n<meta property=\"og:site_name\" content=\"Fiart Mare\" \/>\n<meta property=\"article:publisher\" content=\"https:\/\/www.facebook.com\/fiartmare\" \/>\n<meta property=\"article:published_time\" content=\"2023-04-20T09:45:19+00:00\" \/>\n<meta property=\"article:modified_time\" content=\"2023-04-21T09:54:26+00:00\" \/>\n<meta property=\"og:image\" content=\"https:\/\/www.fiart.com\/wp-content\/uploads\/2023\/04\/FOTO-INVITO-2-scaled.jpg\" \/>\n\t<meta property=\"og:image:width\" content=\"2560\" \/>\n\t<meta property=\"og:image:height\" content=\"1919\" \/>\n\t<meta property=\"og:image:type\" content=\"image\/jpeg\" \/>\n<meta name=\"author\" content=\"Giorgia Landolfi\" \/>\n<meta name=\"twitter:card\" content=\"summary_large_image\" \/>\n<meta name=\"twitter:label1\" content=\"\u00c9crit par\" \/>\n\t<meta name=\"twitter:data1\" content=\"Giorgia Landolfi\" \/>\n\t<meta name=\"twitter:label2\" content=\"Dur\u00e9e de lecture estim\u00e9e\" \/>\n\t<meta name=\"twitter:data2\" content=\"2 minutes\" \/>\n<script type=\"application\/ld+json\" class=\"yoast-schema-graph\">{\"@context\":\"https:\/\/schema.org\",\"@graph\":[{\"@type\":\"Article\",\"@id\":\"https:\/\/www.fiart.com\/fr\/fiart-a-la-foire-nautique-de-sardaigne-2023\/#article\",\"isPartOf\":{\"@id\":\"https:\/\/www.fiart.com\/fr\/fiart-a-la-foire-nautique-de-sardaigne-2023\/\"},\"author\":{\"name\":\"Giorgia Landolfi\",\"@id\":\"https:\/\/www.fiart.com\/#\/schema\/person\/6e65d6aa29e6a45a56f5ce5b9095e29e\"},\"headline\":\"Fiart \u00e0 la Foire Nautique de Sardaigne 2023\",\"datePublished\":\"2023-04-20T09:45:19+00:00\",\"dateModified\":\"2023-04-21T09:54:26+00:00\",\"mainEntityOfPage\":{\"@id\":\"https:\/\/www.fiart.com\/fr\/fiart-a-la-foire-nautique-de-sardaigne-2023\/\"},\"wordCount\":159,\"commentCount\":0,\"publisher\":{\"@id\":\"https:\/\/www.fiart.com\/#organization\"},\"articleSection\":[\"des expositions\"],\"inLanguage\":\"fr-FR\",\"potentialAction\":[{\"@type\":\"CommentAction\",\"name\":\"Comment\",\"target\":[\"https:\/\/www.fiart.com\/fr\/fiart-a-la-foire-nautique-de-sardaigne-2023\/#respond\"]}]},{\"@type\":\"WebPage\",\"@id\":\"https:\/\/www.fiart.com\/fr\/fiart-a-la-foire-nautique-de-sardaigne-2023\/\",\"url\":\"https:\/\/www.fiart.com\/fr\/fiart-a-la-foire-nautique-de-sardaigne-2023\/\",\"name\":\"Fiart \u00e0 la Foire Nautique de Sardaigne 2023 - Fiart Mare\",\"isPartOf\":{\"@id\":\"https:\/\/www.fiart.com\/#website\"},\"datePublished\":\"2023-04-20T09:45:19+00:00\",\"dateModified\":\"2023-04-21T09:54:26+00:00\",\"description\":\"Le rendez-vous, auquel nous participerons avec notre partenaire officiel Marina Sarda, est pr\u00e9vu du 21 au 25\u00a0avril\u00a02023.\",\"breadcrumb\":{\"@id\":\"https:\/\/www.fiart.com\/fr\/fiart-a-la-foire-nautique-de-sardaigne-2023\/#breadcrumb\"},\"inLanguage\":\"fr-FR\",\"potentialAction\":[{\"@type\":\"ReadAction\",\"target\":[\"https:\/\/www.fiart.com\/fr\/fiart-a-la-foire-nautique-de-sardaigne-2023\/\"]}]},{\"@type\":\"BreadcrumbList\",\"@id\":\"https:\/\/www.fiart.com\/fr\/fiart-a-la-foire-nautique-de-sardaigne-2023\/#breadcrumb\",\"itemListElement\":[{\"@type\":\"ListItem\",\"position\":1,\"name\":\"Home\",\"item\":\"https:\/\/www.fiart.com\/fr\/\"},{\"@type\":\"ListItem\",\"position\":2,\"name\":\"Fiart \u00e0 la Foire Nautique de Sardaigne 2023\"}]},{\"@type\":\"WebSite\",\"@id\":\"https:\/\/www.fiart.com\/#website\",\"url\":\"https:\/\/www.fiart.com\/\",\"name\":\"Fiart Mare\",\"description\":\"\",\"publisher\":{\"@id\":\"https:\/\/www.fiart.com\/#organization\"},\"potentialAction\":[{\"@type\":\"SearchAction\",\"target\":{\"@type\":\"EntryPoint\",\"urlTemplate\":\"https:\/\/www.fiart.com\/?s={search_term_string}\"},\"query-input\":\"required name=search_term_string\"}],\"inLanguage\":\"fr-FR\"},{\"@type\":\"Organization\",\"@id\":\"https:\/\/www.fiart.com\/#organization\",\"name\":\"Fiart Mare\",\"url\":\"https:\/\/www.fiart.com\/\",\"logo\":{\"@type\":\"ImageObject\",\"inLanguage\":\"fr-FR\",\"@id\":\"https:\/\/www.fiart.com\/#\/schema\/logo\/image\/\",\"url\":\"https:\/\/www.fiart.com\/wp-content\/uploads\/2022\/09\/logo-fiart.png\",\"contentUrl\":\"https:\/\/www.fiart.com\/wp-content\/uploads\/2022\/09\/logo-fiart.png\",\"width\":233,\"height\":36,\"caption\":\"Fiart Mare\"},\"image\":{\"@id\":\"https:\/\/www.fiart.com\/#\/schema\/logo\/image\/\"},\"sameAs\":[\"https:\/\/www.facebook.com\/fiartmare\",\"https:\/\/www.instagram.com\/fiartmare\/\",\"https:\/\/www.linkedin.com\/company\/fiart-spa\/\",\"https:\/\/www.youtube.com\/channel\/UCD5FCXKqq1l4CZfs9dELKZQ\"]},{\"@type\":\"Person\",\"@id\":\"https:\/\/www.fiart.com\/#\/schema\/person\/6e65d6aa29e6a45a56f5ce5b9095e29e\",\"name\":\"Giorgia Landolfi\",\"image\":{\"@type\":\"ImageObject\",\"inLanguage\":\"fr-FR\",\"@id\":\"https:\/\/www.fiart.com\/#\/schema\/person\/image\/\",\"url\":\"https:\/\/secure.gravatar.com\/avatar\/972851f825908035834cdf2667da442ad1e8154cbb4ae8863da699b6d78c6c6d?s=96&d=mm&r=g\",\"contentUrl\":\"https:\/\/secure.gravatar.com\/avatar\/972851f825908035834cdf2667da442ad1e8154cbb4ae8863da699b6d78c6c6d?s=96&d=mm&r=g\",\"caption\":\"Giorgia Landolfi\"},\"url\":\"https:\/\/www.fiart.com\/fr\/author\/giorgia\/\"}]}<\/script>\n<!-- \/ Yoast SEO plugin. -->","yoast_head_json":{"title":"Fiart \u00e0 la Foire Nautique de Sardaigne 2023 - Fiart Mare","description":"Le rendez-vous, auquel nous participerons avec notre partenaire officiel Marina Sarda, est pr\u00e9vu du 21 au 25\u00a0avril\u00a02023.","robots":{"index":"index","follow":"follow","max-snippet":"max-snippet:-1","max-image-preview":"max-image-preview:large","max-video-preview":"max-video-preview:-1"},"canonical":"https:\/\/www.fiart.com\/fr\/fiart-a-la-foire-nautique-de-sardaigne-2023\/","og_locale":"fr_FR","og_type":"article","og_title":"Fiart \u00e0 la Foire Nautique de Sardaigne 2023 - Fiart Mare","og_description":"Le rendez-vous, auquel nous participerons avec notre partenaire officiel Marina Sarda, est pr\u00e9vu du 21 au 25\u00a0avril\u00a02023.","og_url":"https:\/\/www.fiart.com\/fr\/fiart-a-la-foire-nautique-de-sardaigne-2023\/","og_site_name":"Fiart Mare","article_publisher":"https:\/\/www.facebook.com\/fiartmare","article_published_time":"2023-04-20T09:45:19+00:00","article_modified_time":"2023-04-21T09:54:26+00:00","og_image":[{"width":2560,"height":1919,"url":"https:\/\/www.fiart.com\/wp-content\/uploads\/2023\/04\/FOTO-INVITO-2-scaled.jpg","type":"image\/jpeg"}],"author":"Giorgia Landolfi","twitter_card":"summary_large_image","twitter_misc":{"\u00c9crit par":"Giorgia Landolfi","Dur\u00e9e de lecture estim\u00e9e":"2 minutes"},"schema":{"@context":"https:\/\/schema.org","@graph":[{"@type":"Article","@id":"https:\/\/www.fiart.com\/fr\/fiart-a-la-foire-nautique-de-sardaigne-2023\/#article","isPartOf":{"@id":"https:\/\/www.fiart.com\/fr\/fiart-a-la-foire-nautique-de-sardaigne-2023\/"},"author":{"name":"Giorgia Landolfi","@id":"https:\/\/www.fiart.com\/#\/schema\/person\/6e65d6aa29e6a45a56f5ce5b9095e29e"},"headline":"Fiart \u00e0 la Foire Nautique de Sardaigne 2023","datePublished":"2023-04-20T09:45:19+00:00","dateModified":"2023-04-21T09:54:26+00:00","mainEntityOfPage":{"@id":"https:\/\/www.fiart.com\/fr\/fiart-a-la-foire-nautique-de-sardaigne-2023\/"},"wordCount":159,"commentCount":0,"publisher":{"@id":"https:\/\/www.fiart.com\/#organization"},"articleSection":["des expositions"],"inLanguage":"fr-FR","potentialAction":[{"@type":"CommentAction","name":"Comment","target":["https:\/\/www.fiart.com\/fr\/fiart-a-la-foire-nautique-de-sardaigne-2023\/#respond"]}]},{"@type":"WebPage","@id":"https:\/\/www.fiart.com\/fr\/fiart-a-la-foire-nautique-de-sardaigne-2023\/","url":"https:\/\/www.fiart.com\/fr\/fiart-a-la-foire-nautique-de-sardaigne-2023\/","name":"Fiart \u00e0 la Foire Nautique de Sardaigne 2023 - Fiart Mare","isPartOf":{"@id":"https:\/\/www.fiart.com\/#website"},"datePublished":"2023-04-20T09:45:19+00:00","dateModified":"2023-04-21T09:54:26+00:00","description":"Le rendez-vous, auquel nous participerons avec notre partenaire officiel Marina Sarda, est pr\u00e9vu du 21 au 25\u00a0avril\u00a02023.","breadcrumb":{"@id":"https:\/\/www.fiart.com\/fr\/fiart-a-la-foire-nautique-de-sardaigne-2023\/#breadcrumb"},"inLanguage":"fr-FR","potentialAction":[{"@type":"ReadAction","target":["https:\/\/www.fiart.com\/fr\/fiart-a-la-foire-nautique-de-sardaigne-2023\/"]}]},{"@type":"BreadcrumbList","@id":"https:\/\/www.fiart.com\/fr\/fiart-a-la-foire-nautique-de-sardaigne-2023\/#breadcrumb","itemListElement":[{"@type":"ListItem","position":1,"name":"Home","item":"https:\/\/www.fiart.com\/fr\/"},{"@type":"ListItem","position":2,"name":"Fiart \u00e0 la Foire Nautique de Sardaigne 2023"}]},{"@type":"WebSite","@id":"https:\/\/www.fiart.com\/#website","url":"https:\/\/www.fiart.com\/","name":"Fiart Mare","description":"","publisher":{"@id":"https:\/\/www.fiart.com\/#organization"},"potentialAction":[{"@type":"SearchAction","target":{"@type":"EntryPoint","urlTemplate":"https:\/\/www.fiart.com\/?s={search_term_string}"},"query-input":"required name=search_term_string"}],"inLanguage":"fr-FR"},{"@type":"Organization","@id":"https:\/\/www.fiart.com\/#organization","name":"Fiart Mare","url":"https:\/\/www.fiart.com\/","logo":{"@type":"ImageObject","inLanguage":"fr-FR","@id":"https:\/\/www.fiart.com\/#\/schema\/logo\/image\/","url":"https:\/\/www.fiart.com\/wp-content\/uploads\/2022\/09\/logo-fiart.png","contentUrl":"https:\/\/www.fiart.com\/wp-content\/uploads\/2022\/09\/logo-fiart.png","width":233,"height":36,"caption":"Fiart Mare"},"image":{"@id":"https:\/\/www.fiart.com\/#\/schema\/logo\/image\/"},"sameAs":["https:\/\/www.facebook.com\/fiartmare","https:\/\/www.instagram.com\/fiartmare\/","https:\/\/www.linkedin.com\/company\/fiart-spa\/","https:\/\/www.youtube.com\/channel\/UCD5FCXKqq1l4CZfs9dELKZQ"]},{"@type":"Person","@id":"https:\/\/www.fiart.com\/#\/schema\/person\/6e65d6aa29e6a45a56f5ce5b9095e29e","name":"Giorgia Landolfi","image":{"@type":"ImageObject","inLanguage":"fr-FR","@id":"https:\/\/www.fiart.com\/#\/schema\/person\/image\/","url":"https:\/\/secure.gravatar.com\/avatar\/972851f825908035834cdf2667da442ad1e8154cbb4ae8863da699b6d78c6c6d?s=96&d=mm&r=g","contentUrl":"https:\/\/secure.gravatar.com\/avatar\/972851f825908035834cdf2667da442ad1e8154cbb4ae8863da699b6d78c6c6d?s=96&d=mm&r=g","caption":"Giorgia Landolfi"},"url":"https:\/\/www.fiart.com\/fr\/author\/giorgia\/"}]}},"_links":{"self":[{"href":"https:\/\/www.fiart.com\/fr\/wp-json\/wp\/v2\/posts\/2929","targetHints":{"allow":["GET"]}}],"collection":[{"href":"https:\/\/www.fiart.com\/fr\/wp-json\/wp\/v2\/posts"}],"about":[{"href":"https:\/\/www.fiart.com\/fr\/wp-json\/wp\/v2\/types\/post"}],"author":[{"embeddable":true,"href":"https:\/\/www.fiart.com\/fr\/wp-json\/wp\/v2\/users\/3"}],"replies":[{"embeddable":true,"href":"https:\/\/www.fiart.com\/fr\/wp-json\/wp\/v2\/comments?post=2929"}],"version-history":[{"count":1,"href":"https:\/\/www.fiart.com\/fr\/wp-json\/wp\/v2\/posts\/2929\/revisions"}],"predecessor-version":[{"id":2933,"href":"https:\/\/www.fiart.com\/fr\/wp-json\/wp\/v2\/posts\/2929\/revisions\/2933"}],"wp:featuredmedia":[{"embeddable":true,"href":"https:\/\/www.fiart.com\/fr\/wp-json\/wp\/v2\/media\/2926"}],"wp:attachment":[{"href":"https:\/\/www.fiart.com\/fr\/wp-json\/wp\/v2\/media?parent=2929"}],"wp:term":[{"taxonomy":"category","embeddable":true,"href":"https:\/\/www.fiart.com\/fr\/wp-json\/wp\/v2\/categories?post=2929"},{"taxonomy":"post_tag","embeddable":true,"href":"https:\/\/www.fiart.com\/fr\/wp-json\/wp\/v2\/tags?post=2929"}],"curies":[{"name":"wp","href":"https:\/\/api.w.org\/{rel}","templated":true}]}}